{"id":637560,"date":"2026-01-03T04:18:18","date_gmt":"2026-01-03T04:18:18","guid":{"rendered":"https:\/\/www.europesays.com\/fr\/637560\/"},"modified":"2026-01-03T04:18:18","modified_gmt":"2026-01-03T04:18:18","slug":"lille-stade-rennais-le-point-sur-le-groupe","status":"publish","type":"post","link":"https:\/\/www.europesays.com\/fr\/637560\/","title":{"rendered":"Lille &#8211; Stade rennais : le point sur le groupe"},"content":{"rendered":"<p>                            Lille &#8211; Stade rennais\u00a0: le point sur le groupe<\/p>\n<p>                                 3 janvier 2026 \u00e0 00h08<\/p>\n<p><img decoding=\"async\" src=\"https:\/\/www.europesays.com\/fr\/wp-content\/uploads\/2026\/01\/lille_-_rennes_2000x1125_-19.png\" class=\"adapt-img spip_logo\" width=\"960\" height=\"540\" alt=\"Lille - Stade rennais : le point sur le groupe\"   fetchpriority=\"high\" \/><\/p>\n<p><strong>Avant le d\u00e9placement \u00e0 Lille, Habib Beye a fait le point sur son groupe.<\/strong><\/p>\n<p>Nouvelle ann\u00e9e et nouveau match pour le Stade rennais. Les Rouge et Noir se d\u00e9placent samedi \u00e0 Lille pour le dernier match de la phase aller du championnat.<\/p>\n<p>Pour cette rencontre, Habib Beye dispose de tout son effectif, sans bless\u00e9s. A\u00eft Boudlal, Fofana et Nagida sont eux toujours en s\u00e9lection. Bless\u00e9 avant la tr\u00eave, Frankowski est disponible.<\/p>\n","protected":false},"excerpt":{"rendered":"Lille &#8211; Stade rennais\u00a0: le point sur le groupe 3 janvier 2026 \u00e0 00h08 Avant le d\u00e9placement \u00e0&hellip;\n","protected":false},"author":2,"featured_media":637561,"comment_status":"","ping_status":"","sticky":false,"template":"","format":"standard","meta":{"footnotes":""},"categories":[2815],"tags":[1111,11,1777,674,1011,27,811,1307,12,25],"class_list":{"0":"post-637560","1":"post","2":"type-post","3":"status-publish","4":"format-standard","5":"has-post-thumbnail","7":"category-lille","8":"tag-actu","9":"tag-actualites","10":"tag-eu","11":"tag-europe","12":"tag-fr","13":"tag-france","14":"tag-hauts-de-france","15":"tag-lille","16":"tag-news","17":"tag-republique-francaise"},"share_on_mastodon":{"url":"https:\/\/pubeurope.com\/@fr\/115829244180751727","error":""},"_links":{"self":[{"href":"https:\/\/www.europesays.com\/fr\/wp-json\/wp\/v2\/posts\/637560","targetHints":{"allow":["GET"]}}],"collection":[{"href":"https:\/\/www.europesays.com\/fr\/wp-json\/wp\/v2\/posts"}],"about":[{"href":"https:\/\/www.europesays.com\/fr\/wp-json\/wp\/v2\/types\/post"}],"author":[{"embeddable":true,"href":"https:\/\/www.europesays.com\/fr\/wp-json\/wp\/v2\/users\/2"}],"replies":[{"embeddable":true,"href":"https:\/\/www.europesays.com\/fr\/wp-json\/wp\/v2\/comments?post=637560"}],"version-history":[{"count":0,"href":"https:\/\/www.europesays.com\/fr\/wp-json\/wp\/v2\/posts\/637560\/revisions"}],"wp:featuredmedia":[{"embeddable":true,"href":"https:\/\/www.europesays.com\/fr\/wp-json\/wp\/v2\/media\/637561"}],"wp:attachment":[{"href":"https:\/\/www.europesays.com\/fr\/wp-json\/wp\/v2\/media?parent=637560"}],"wp:term":[{"taxonomy":"category","embeddable":true,"href":"https:\/\/www.europesays.com\/fr\/wp-json\/wp\/v2\/categories?post=637560"},{"taxonomy":"post_tag","embeddable":true,"href":"https:\/\/www.europesays.com\/fr\/wp-json\/wp\/v2\/tags?post=637560"}],"curies":[{"name":"wp","href":"https:\/\/api.w.org\/{rel}","templated":true}]}}