{"id":637562,"date":"2026-01-03T04:19:30","date_gmt":"2026-01-03T04:19:30","guid":{"rendered":"https:\/\/www.europesays.com\/fr\/637562\/"},"modified":"2026-01-03T04:19:30","modified_gmt":"2026-01-03T04:19:30","slug":"amine-kessaci-adresse-un-message-a-son-frere-brahim-cinq-ans-apres-sa-mort","status":"publish","type":"post","link":"https:\/\/www.europesays.com\/fr\/637562\/","title":{"rendered":"Amine Kessaci adresse un message \u00e0 son fr\u00e8re Brahim, cinq ans apr\u00e8s sa mort"},"content":{"rendered":"<p>Le militant anti-drogue a publi\u00e9 ce dimanche un long message sur X, cinq ans jour pour jour apr\u00e8s l&rsquo;assassinat de son grand fr\u00e8re. Il y revient sur ses ann\u00e9es de lutte et comment il s&rsquo;est construit \u00ab\u00a0comme un combattant\u00a0\u00bb.<\/p>\n<p>Ce dimanche 28 d\u00e9cembre, Amine Kessaci a rendu hommage \u00e0 son grand fr\u00e8re Brahim, cinq ans jour pour jour apr\u00e8s sa mort. Sur X, il a publi\u00e9 un long message qu&rsquo;il adresse \u00e9galement \u00e0 son fr\u00e8re Mehdi, tu\u00e9 en novembre dernier.<\/p>\n<p>\u00ab\u00a0Cinq ann\u00e9es, qu&rsquo;est-ce donc ? L&rsquo;\u00e9quivalent de trois ann\u00e9es de licence et de deux ann\u00e9es de master\u00a0\u00bb, \u00e9crit Amine Kessaci. \u00ab\u00a0Durant ces cinq ans, je ne me suis pas construit comme un \u00e9tudiant (&#8230;) Je me suis construit autrement. Comme un combattant\u00a0\u00bb, ajoute-t-il, citant \u00ab\u00a0cinq ann\u00e9es de doutes et de luttes\u00a0\u00bb.<\/p>\n<p>Il s&rsquo;adresse ensuite directement \u00e0 son fr\u00e8re: \u00ab\u00a0Je t&rsquo;ai pleur\u00e9 la nuit du 28 au 29 d\u00e9cembre 2020, Brahim. Et je te pleure encore aujourd&rsquo;hui. Le temps a pass\u00e9, mais il n&rsquo;a jamais effac\u00e9 ton nom de mon coeur\u00a0\u00bb.<\/p>\n<p><img decoding=\"async\" src=\"https:\/\/www.europesays.com\/fr\/wp-content\/uploads\/2025\/05\/principale-24_1.png\"  alt=\"Assassinat de Mehdi Kessaci: qui est Amine O, possible suspect et cadre de la DZ Mafia?\" title=\"Assassinat de Mehdi Kessaci: qui est Amine O, possible suspect et cadre de la DZ Mafia?\"\/>Assassinat de Mehdi Kessaci: qui est Amine O, possible suspect et cadre de la DZ Mafia?<\/p>\n<p>Le 29 d\u00e9cembre 2020, le corps calcin\u00e9 et cribl\u00e9 de balles de Brahim \u00e9tait retrouv\u00e9 dans un v\u00e9hicule non loin de Marseille aupr\u00e8s de ceux de deux autres jeunes hommes. Dans les mois qui ont suivi, Amine Kessaci \u00e9tait devenu une voix forte de lutte contre le narcotrafic via son association Conscience.<\/p>\n<p>\u00ab\u00a0Jamais je n&rsquo;ai baiss\u00e9 la t\u00eate\u00a0\u00bb<\/p>\n<p>La famille a de nouveau \u00e9t\u00e9 frapp\u00e9e par le drame le 13 novembre dernier avec <a href=\"https:\/\/www.bfmtv.com\/marseille\/casier-judiciaire-vierge-concours-de-gardien-de-la-paix-qui-etait-le-frere-d-amine-kessaci-assassine-par-balles-a-marseille_AN-202511140787.html\" title=\"Casier judiciaire vierge, concours de gardien de la paix... Qui \u00e9tait le fr\u00e8re d&#039;Amine Kessaci, assassin\u00e9 par balles \u00e0 Marseille\" class=\"internal_link\" target=\"_blank\" rel=\"noopener\">l&rsquo;assassinat en plein jour de son autre fr\u00e8re, Mehdi<\/a>. Le geste avait \u00e9t\u00e9 consid\u00e9r\u00e9 comme un crime d&rsquo;avertissement \u00e0 l&rsquo;attention du militant.<\/p>\n<p><img decoding=\"async\" src=\"https:\/\/www.europesays.com\/fr\/wp-content\/uploads\/2025\/05\/principale-24_1.png\"  alt=\"Que sait-on de l'assassinat du fr\u00e8re d'un militant anti-narcotrafic \u00e0 Marseille? \" title=\"Que sait-on de l'assassinat du fr\u00e8re d'un militant anti-narcotrafic \u00e0 Marseille? \"\/>Que sait-on de l&rsquo;assassinat du fr\u00e8re d&rsquo;un militant anti-narcotrafic \u00e0 Marseille?<\/p>\n<p>Aujourd&rsquo;hui, sur X, Amine Kessaci est revenu sur ses ann\u00e9es de r\u00e9sistance. \u00ab\u00a0Jamais je n&rsquo;ai baiss\u00e9 la t\u00eate. Jamais je ne t&rsquo;ai trahi. Jamais je n&rsquo;ai pens\u00e9 \u00e0 autre chose qu&rsquo;\u00e0 faire vivre ta m\u00e9moire, comme une flamme que rien n&rsquo;\u00e9teint\u00a0\u00bb, a-t-il ajout\u00e9.<\/p>\n<p>Il conclut en rappelant la mort de son petit-fr\u00e8re. \u00ab\u00a0Brahim, Mehdi est pr\u00e8s de toi. Veillez l&rsquo;un sur l&rsquo;autre\u00a0\u00bb, dit-il.<\/p>\n<p>Ces mots \u00e9crit \u00e0 quelques jours de la nouvelle ann\u00e9e rappellent que l&rsquo;affaire de la mort de Brahim Kessaci n&rsquo;est pas termin\u00e9e. <a href=\"https:\/\/www.bfmtv.com\/police-justice\/assassinat-du-grand-frere-d-amine-kessaci-le-proces-prevu-a-l-automne-2026_AD-202512020793.html\" title=\"Assassinat du grand fr\u00e8re d&#039;Amine Kessaci: le proc\u00e8s pr\u00e9vu \u00e0 l&#039;automne 2026\" class=\"internal_link\" target=\"_blank\" rel=\"noopener\">Le proc\u00e8s de ses assassins pr\u00e9sum\u00e9s<\/a> se d\u00e9roulera \u00e0 l&rsquo;automne 2026.<\/p>\n","protected":false},"excerpt":{"rendered":"Le militant anti-drogue a publi\u00e9 ce dimanche un long message sur X, cinq ans jour pour jour apr\u00e8s&hellip;\n","protected":false},"author":2,"featured_media":637563,"comment_status":"","ping_status":"","sticky":false,"template":"","format":"standard","meta":{"footnotes":""},"categories":[2814],"tags":[1111,11,1777,674,1011,27,884,12,882,25],"class_list":{"0":"post-637562","1":"post","2":"type-post","3":"status-publish","4":"format-standard","5":"has-post-thumbnail","7":"category-marseille","8":"tag-actu","9":"tag-actualites","10":"tag-eu","11":"tag-europe","12":"tag-fr","13":"tag-france","14":"tag-marseille","15":"tag-news","16":"tag-provence-alpes-cote-dazur","17":"tag-republique-francaise"},"share_on_mastodon":{"url":"https:\/\/pubeurope.com\/@fr\/115829248117811029","error":""},"_links":{"self":[{"href":"https:\/\/www.europesays.com\/fr\/wp-json\/wp\/v2\/posts\/637562","targetHints":{"allow":["GET"]}}],"collection":[{"href":"https:\/\/www.europesays.com\/fr\/wp-json\/wp\/v2\/posts"}],"about":[{"href":"https:\/\/www.europesays.com\/fr\/wp-json\/wp\/v2\/types\/post"}],"author":[{"embeddable":true,"href":"https:\/\/www.europesays.com\/fr\/wp-json\/wp\/v2\/users\/2"}],"replies":[{"embeddable":true,"href":"https:\/\/www.europesays.com\/fr\/wp-json\/wp\/v2\/comments?post=637562"}],"version-history":[{"count":0,"href":"https:\/\/www.europesays.com\/fr\/wp-json\/wp\/v2\/posts\/637562\/revisions"}],"wp:featuredmedia":[{"embeddable":true,"href":"https:\/\/www.europesays.com\/fr\/wp-json\/wp\/v2\/media\/637563"}],"wp:attachment":[{"href":"https:\/\/www.europesays.com\/fr\/wp-json\/wp\/v2\/media?parent=637562"}],"wp:term":[{"taxonomy":"category","embeddable":true,"href":"https:\/\/www.europesays.com\/fr\/wp-json\/wp\/v2\/categories?post=637562"},{"taxonomy":"post_tag","embeddable":true,"href":"https:\/\/www.europesays.com\/fr\/wp-json\/wp\/v2\/tags?post=637562"}],"curies":[{"name":"wp","href":"https:\/\/api.w.org\/{rel}","templated":true}]}}