{"id":637566,"date":"2026-01-03T04:21:16","date_gmt":"2026-01-03T04:21:16","guid":{"rendered":"https:\/\/www.europesays.com\/fr\/637566\/"},"modified":"2026-01-03T04:21:16","modified_gmt":"2026-01-03T04:21:16","slug":"emma-bovary-honoree-aux-celestins","status":"publish","type":"post","link":"https:\/\/www.europesays.com\/fr\/637566\/","title":{"rendered":"Emma Bovary Honor\u00e9(e) aux C\u00e9lestins"},"content":{"rendered":"<p>                            <img loading=\"lazy\" width=\"1200\" height=\"872\" class=\"attachment-article size-article wp-post-image lazyload\" alt=\"\" decoding=\"async\" src=\"https:\/\/www.europesays.com\/fr\/wp-content\/uploads\/2026\/01\/Madame-Bovary-photo-de-repetition-\u00a9-Laurent-Champoussin_presse-390.jpg\" data-eio-rwidth=\"1200\" data-eio-rheight=\"872\"\/><\/p>\n<p>Bovary Madame \u2013 photo de re\u0301pe\u0301tition \u00a9 Laurent Champoussin<\/p>\n<p><strong>C\u2019est l\u2019un des spectacles les plus attendus de ce d\u00e9but d\u2019ann\u00e9e, Christophe Honor\u00e9 rassemble ses com\u00e9diens et com\u00e9diennes fid\u00e8les pour livrer une adaptation sc\u00e9nique personnelle, entre cirque et cin\u00e9ma, du chef-d\u2019\u0153uvre de Gustave Flaubert, <\/strong><strong>Madame Bovary<\/strong><strong>, avec Ludivine Sagnier dans le r\u00f4le-titre.<\/strong><\/p>\n<p>En 1857, le g\u00e9rant de la revue dans laquelle Madame Bovary \u00e9tait paru en feuilleton, L\u00e9on Laurent-Pichat, l\u2019imprimeur Auguste-Alexis Pillet et l\u2019auteur Gustave Flaubert sont jug\u00e9s pour \u201coutrage \u00e0 la morale publique et religieuse et aux bonnes m\u0153urs\u201d. Au cours de ce proc\u00e8s retentissant, l\u2019\u00e9crivain fut bl\u00e2m\u00e9 pour \u201cle r\u00e9alisme vulgaire et souvent choquant de la peinture des caract\u00e8res\u201d puis acquitt\u00e9. Et le roman devint un monument de notre litt\u00e9rature sur lequel ont planch\u00e9 des g\u00e9n\u00e9rations de lyc\u00e9ens. Un chef-d\u2019\u0153uvre dans l\u2019analyse psychologique et la pr\u00e9cision des descriptions. Et une peinture du r\u00e9el implacable, scandaleuse \u00e0 son \u00e9poque, et due sans doute au fait que Gustave Flaubert s\u2019\u00e9tait inspir\u00e9 d\u2019un fait divers qui avait secou\u00e9 la France du XIXe\u00a0si\u00e8cle, o\u00f9 se m\u00e9langeaient crime et adult\u00e8re dans une province ordinaire.<\/p>\n<p>\u201cMadame Bovary, c\u2019est moi\u00a0!\u201d, d\u00e9clarait Flaubert, s\u2019identifiant aux malheurs de son h\u00e9ro\u00efne, victime de la l\u00e2chet\u00e9 et la m\u00e9diocrit\u00e9 des hommes. Le metteur en sc\u00e8ne, \u00e9galement \u00e9crivain, <a href=\"https:\/\/www.lyoncapitale.fr\/culture\/a-lopera-de-lyon-tosca-une-dure-vie-dartiste\" target=\"_blank\" rel=\"noopener\">Christophe Honor\u00e9<\/a>, pourrait-il en dire autant\u00a0? En tout cas, pour sa nouvelle cr\u00e9ation th\u00e9\u00e2trale, Christophe Honor\u00e9 rassemble sa troupe d\u2019acteurs et d\u2019actrices fid\u00e8les (ceux que l\u2019on avait vus dans Ciel de Nantes en 2021, \u00e9galement aux C\u00e9lestins) afin de revisiter cette \u0153uvre immense aussi bien que la qu\u00eate \u00e9perdue de libert\u00e9 de son h\u00e9ro\u00efne. Tout en reprenant la trame romanesque que l\u2019on conna\u00eet. Coinc\u00e9e dans une petite ville de province et son mariage sans \u00e9clat, Emma Bovary ne renonce pas \u00e0 ses aspirations romantiques. Ni \u00e0 ses r\u00eaves \u2013 na\u00effs \u2013 de succ\u00e8s admirables. Sur les planches, Christophe Honor\u00e9 m\u00eale cirque et cin\u00e9ma afin de repr\u00e9senter les m\u0153urs provinciales \u00e9troites, si bien d\u00e9crites par Flaubert.<br \/>Dans un premier mouvement, les hommes gravitent autour d\u2019Emma dans une pantomime o\u00f9 se rejouent les principaux \u00e9pisodes de sa trajectoire. L\u2019ennui et les tromperies qui en d\u00e9coulent. Son mari Charles, ses amants Rodolphe et L\u00e9on, mais aussi le pharmacien Homais et le tentateur Lheureux, qui r\u00e9duisent son existence \u00e0 leurs d\u00e9sirs et leurs ambitions.<br \/>Puis la dynamique s\u2019inverse\u00a0: Emma reprend la parole, brise le cadre, affirme sa sensualit\u00e9 et sa libert\u00e9. C\u2019est \u00e0 la superbe Ludivine Sagnier que Christophe Honor\u00e9 confie le r\u00f4le d\u2019Emma, femme devenue ic\u00f4ne, incarnation d\u2019un d\u00e9sir d\u2019\u00e9mancipation toujours aussi scandaleux.<\/p>\n<p><strong>Bovary Madame <\/strong>\u2013Du 7 au 15 janvier aux <a href=\"https:\/\/www.theatredescelestins.com\/\" target=\"_blank\" rel=\"noopener\">C\u00e9lestins<\/a><\/p>\n","protected":false},"excerpt":{"rendered":"Bovary Madame \u2013 photo de re\u0301pe\u0301tition \u00a9 Laurent Champoussin C\u2019est l\u2019un des spectacles les plus attendus de ce&hellip;\n","protected":false},"author":2,"featured_media":637567,"comment_status":"","ping_status":"","sticky":false,"template":"","format":"standard","meta":{"footnotes":""},"categories":[1889],"tags":[1111,11,2430,1777,674,1011,27,2428,12,25],"class_list":{"0":"post-637566","1":"post","2":"type-post","3":"status-publish","4":"format-standard","5":"has-post-thumbnail","7":"category-lyon","8":"tag-actu","9":"tag-actualites","10":"tag-auvergne-rhone-alpes","11":"tag-eu","12":"tag-europe","13":"tag-fr","14":"tag-france","15":"tag-lyon","16":"tag-news","17":"tag-republique-francaise"},"share_on_mastodon":{"url":"https:\/\/pubeurope.com\/@fr\/115829255957890830","error":""},"_links":{"self":[{"href":"https:\/\/www.europesays.com\/fr\/wp-json\/wp\/v2\/posts\/637566","targetHints":{"allow":["GET"]}}],"collection":[{"href":"https:\/\/www.europesays.com\/fr\/wp-json\/wp\/v2\/posts"}],"about":[{"href":"https:\/\/www.europesays.com\/fr\/wp-json\/wp\/v2\/types\/post"}],"author":[{"embeddable":true,"href":"https:\/\/www.europesays.com\/fr\/wp-json\/wp\/v2\/users\/2"}],"replies":[{"embeddable":true,"href":"https:\/\/www.europesays.com\/fr\/wp-json\/wp\/v2\/comments?post=637566"}],"version-history":[{"count":0,"href":"https:\/\/www.europesays.com\/fr\/wp-json\/wp\/v2\/posts\/637566\/revisions"}],"wp:featuredmedia":[{"embeddable":true,"href":"https:\/\/www.europesays.com\/fr\/wp-json\/wp\/v2\/media\/637567"}],"wp:attachment":[{"href":"https:\/\/www.europesays.com\/fr\/wp-json\/wp\/v2\/media?parent=637566"}],"wp:term":[{"taxonomy":"category","embeddable":true,"href":"https:\/\/www.europesays.com\/fr\/wp-json\/wp\/v2\/categories?post=637566"},{"taxonomy":"post_tag","embeddable":true,"href":"https:\/\/www.europesays.com\/fr\/wp-json\/wp\/v2\/tags?post=637566"}],"curies":[{"name":"wp","href":"https:\/\/api.w.org\/{rel}","templated":true}]}}