{"id":637568,"date":"2026-01-03T04:22:34","date_gmt":"2026-01-03T04:22:34","guid":{"rendered":"https:\/\/www.europesays.com\/fr\/637568\/"},"modified":"2026-01-03T04:22:34","modified_gmt":"2026-01-03T04:22:34","slug":"pres-de-lyon-ces-conducteurs-font-des-exces-au-nouvel-an-les-gendarmes-leur-font-regretter","status":"publish","type":"post","link":"https:\/\/www.europesays.com\/fr\/637568\/","title":{"rendered":"Pr\u00e8s de Lyon. Ces conducteurs font des exc\u00e8s au Nouvel An, les gendarmes leur font regretter"},"content":{"rendered":"<p>                    Par<br \/>\n        <strong><br \/>\n            <a href=\"https:\/\/actu.fr\/auteur\/anthony-soudani\" title=\"Consulter tous les articles de Anthony Soudani\" target=\"_blank\" rel=\"noopener\">Anthony Soudani<\/a><br \/>\n                    <\/strong><\/p>\n<p>        Publi\u00e9 le<\/p>\n<p>            2 janv. 2026 \u00e0 14h47        <\/p>\n<p>Ces conducteurs doivent regretter leurs exc\u00e8s du Nouvel An\u2026<\/p>\n<p class=\" wall-content\">Les <a href=\"https:\/\/actu.fr\/faits-divers\/pres-de-lyon-les-gendarmes-n-en-reviennent-pas-en-controlant-le-permis-de-cette-conductrice_63593606.html\" target=\"_blank\" rel=\"noopener\">gendarmes du Rh\u00f4ne<\/a> ont \u00e9t\u00e9 mobilis\u00e9s sur les routes durant la <a href=\"https:\/\/actu.fr\/auvergne-rhone-alpes\/lyon_69123\/nuit-de-la-saint-sylvestre-a-lyon-des-violences-urbaines-eclatent-dans-la-metropole_63642371.html\" target=\"_blank\" rel=\"noopener\">nuit de la Saint-Sylvestre<\/a>. Entre 1h et 5h, un dispositif coordonn\u00e9 a \u00e9t\u00e9 d\u00e9ploy\u00e9 par la compagnie de L\u2019Arbresle, la brigade motoris\u00e9e de Dardilly et la r\u00e9serve op\u00e9rationnelle en plusieurs secteurs de tout l\u2019ouest lyonnais.<\/p>\n<p class=\" wall-content\">Au total, une <strong>quarantaine de militaires<\/strong> \u00e9tait pr\u00e9sente sur les routes de ce secteur pendant le Nouvel An. Et les infractions ont \u00e9t\u00e9 nombreuses.<\/p>\n<p>Deux conducteurs en garde \u00e0 vue, 18 conduites sous alcool<\/p>\n<p class=\" wall-content\">Plusieurs infractions ont \u00e9t\u00e9 relev\u00e9es, dont <strong>deux conduites sous l\u2019emprise de stup\u00e9fiants<\/strong> et 18 conduites sous alcool. Les deux conducteurs contr\u00f4l\u00e9s sous l\u2019emprise de stup\u00e9fiants ont \u00e9t\u00e9 plac\u00e9s en garde \u00e0 vue par les militaires.<\/p>\n<p class=\" wall-content\">\u00c0\u00a0ce bilan s\u2019ajoutent six d\u00e9fauts de contr\u00f4le technique, une non-mutation de carte grise, deux amendes forfaitaires d\u00e9lictuelles pour usage de stup\u00e9fiants, une amende forfaitaire d\u00e9lictuelle pour port ou d\u00e9tention d\u2019arme, quatre amendes forfaitaires d\u00e9lictuelles pour d\u00e9faut d\u2019assurance, trois infractions li\u00e9es \u00e0 l\u2019activit\u00e9 VTC et une mise en fourri\u00e8re pour rupture d\u2019immobilisation.<\/p>\n<p class=\" wall-content\">Personnalisez votre actualit\u00e9 en ajoutant vos villes et m\u00e9dias en favori avec <a href=\"https:\/\/moncompte.actu.fr\" title=\"D\u00e9couvez Mon Actu\" rel=\"nofollow noopener\" data-trk=\"{&quot;cta&quot;:{&quot;action&quot;:&quot;https:\\\/\\\/moncompte.actu.fr&quot;,&quot;category&quot;:&quot;mon compte&quot;,&quot;from&quot;:&quot;article footer&quot;,&quot;name&quot;:&quot;Mon actu&quot;,&quot;type&quot;:&quot;cta&quot;}}\" target=\"_blank\">Mon Actu<\/a>.<\/p>\n","protected":false},"excerpt":{"rendered":"Par Anthony Soudani Publi\u00e9 le 2 janv. 2026 \u00e0 14h47 Ces conducteurs doivent regretter leurs exc\u00e8s du Nouvel&hellip;\n","protected":false},"author":2,"featured_media":637569,"comment_status":"","ping_status":"","sticky":false,"template":"","format":"standard","meta":{"footnotes":""},"categories":[1889],"tags":[1111,11,2430,1052,1777,674,118,1011,27,3381,2428,12,25,5009],"class_list":{"0":"post-637568","1":"post","2":"type-post","3":"status-publish","4":"format-standard","5":"has-post-thumbnail","7":"category-lyon","8":"tag-actu","9":"tag-actualites","10":"tag-auvergne-rhone-alpes","11":"tag-drogue","12":"tag-eu","13":"tag-europe","14":"tag-faits-divers","15":"tag-fr","16":"tag-france","17":"tag-gendarmerie","18":"tag-lyon","19":"tag-news","20":"tag-republique-francaise","21":"tag-securite-routiere"},"share_on_mastodon":{"url":"https:\/\/pubeurope.com\/@fr\/115829259787668665","error":""},"_links":{"self":[{"href":"https:\/\/www.europesays.com\/fr\/wp-json\/wp\/v2\/posts\/637568","targetHints":{"allow":["GET"]}}],"collection":[{"href":"https:\/\/www.europesays.com\/fr\/wp-json\/wp\/v2\/posts"}],"about":[{"href":"https:\/\/www.europesays.com\/fr\/wp-json\/wp\/v2\/types\/post"}],"author":[{"embeddable":true,"href":"https:\/\/www.europesays.com\/fr\/wp-json\/wp\/v2\/users\/2"}],"replies":[{"embeddable":true,"href":"https:\/\/www.europesays.com\/fr\/wp-json\/wp\/v2\/comments?post=637568"}],"version-history":[{"count":0,"href":"https:\/\/www.europesays.com\/fr\/wp-json\/wp\/v2\/posts\/637568\/revisions"}],"wp:featuredmedia":[{"embeddable":true,"href":"https:\/\/www.europesays.com\/fr\/wp-json\/wp\/v2\/media\/637569"}],"wp:attachment":[{"href":"https:\/\/www.europesays.com\/fr\/wp-json\/wp\/v2\/media?parent=637568"}],"wp:term":[{"taxonomy":"category","embeddable":true,"href":"https:\/\/www.europesays.com\/fr\/wp-json\/wp\/v2\/categories?post=637568"},{"taxonomy":"post_tag","embeddable":true,"href":"https:\/\/www.europesays.com\/fr\/wp-json\/wp\/v2\/tags?post=637568"}],"curies":[{"name":"wp","href":"https:\/\/api.w.org\/{rel}","templated":true}]}}