{"id":637581,"date":"2026-01-03T04:30:12","date_gmt":"2026-01-03T04:30:12","guid":{"rendered":"https:\/\/www.europesays.com\/fr\/637581\/"},"modified":"2026-01-03T04:30:12","modified_gmt":"2026-01-03T04:30:12","slug":"lukraine-recoit-ses-allies-a-kiev-actualites","status":"publish","type":"post","link":"https:\/\/www.europesays.com\/fr\/637581\/","title":{"rendered":"L&rsquo;Ukraine re\u00e7oit ses alli\u00e9s \u00e0 Kiev : Actualit\u00e9s"},"content":{"rendered":"<p class=\"lead \">De nouvelles n\u00e9gociations ont lieu samedi \u00e0 Kiev entre l&rsquo;Ukraine et ses alli\u00e9s europ\u00e9ens et am\u00e9ricain sur un hypoth\u00e9tique accord pour mettre fin \u00e0 la guerre avec la Russie, laquelle a annonc\u00e9 son intention de \u00ab\u00a0durcir\u00a0\u00bb sa position.<\/p>\n<p class=\"lead \">Des conseillers \u00e0 la s\u00e9curit\u00e9 de pays europ\u00e9ens alli\u00e9s de Kiev doivent rencontrer \u00e0 Kiev des responsables ukrainiens, avec la participation par visioconf\u00e9rence d&rsquo;une \u00e9quipe am\u00e9ricaine.<\/p>\n<p class=\"lead \">Selon le pr\u00e9sident Volodymyr Zelensky, une quinzaine de pays ont confirm\u00e9 leur participation, ainsi que des repr\u00e9sentants de l&rsquo;Union europ\u00e9enne et de l&rsquo;Otan. Cette r\u00e9union pr\u00e9c\u00e8de un sommet la semaine prochaine en France des pays de la \u00ab\u00a0coalition des volontaires\u00a0\u00bb soutenant l&rsquo;Ukraine.<\/p>\n<p class=\"lead \">Selon M. Zelensky, la r\u00e9union de samedi vise notamment \u00e0 discuter des \u00ab\u00a0garanties de s\u00e9curit\u00e9\u00a0\u00bb que peuvent apporter \u00e0 l&rsquo;Ukraine ses alli\u00e9s.<\/p>\n<p class=\"lead \">Le pr\u00e9sident ukrainien s&rsquo;\u00e9tait entretenu en d\u00e9cembre avec Donald Trump \u00e0 Washington sur le plan am\u00e9ricain visant \u00e0 mettre fin \u00e0 pr\u00e8s de quatre ans de guerre, mais des questions sensibles restent non r\u00e9solues.<\/p>\n<p class=\"lead \">En outre, la Russie a annonc\u00e9 son intention de \u00ab\u00a0durcir sa position\u00a0\u00bb apr\u00e8s avoir accus\u00e9 Kiev d&rsquo;un raid de drones contre une r\u00e9sidence du pr\u00e9sident Vladimir Poutine et d&rsquo;une attaque ayant tu\u00e9 selon elle 28 civils, la nuit du Nouvel An, dans la partie de la r\u00e9gion ukrainienne de Kherson contr\u00f4l\u00e9e par l&rsquo;arm\u00e9e russe.<\/p>\n<p class=\"lead \">Cette derni\u00e8re occupe environ 19,4% de la superficie de l&rsquo;Ukraine, dont 0,94% ont \u00e9t\u00e9 conquis au cours de l&rsquo;ann\u00e9e 2025, selon les donn\u00e9es de l&rsquo;Institut pour l&rsquo;\u00e9tude de la guerre (ISW), qui travaille avec le Critical Threats Project (CTP), deux centres de r\u00e9flexion am\u00e9ricains sp\u00e9cialis\u00e9s dans l&rsquo;\u00e9tude des conflits.<\/p>\n<p class=\"lead \">En d\u00e9cembre, Moscou a conquis 244 km2, sa plus faible progression mensuelle depuis mars dans un contexte de conditions m\u00e9t\u00e9orologiques hivernales, mais a acc\u00e9l\u00e9r\u00e9 son offensive dans le Donbass, r\u00e9gion orientale o\u00f9 se situent les principales d\u00e9fenses ukrainiennes.<\/p>\n<p class=\"lead \">&#8211; Evacuations de civils &#8211;<\/p>\n<p class=\"lead \">Signe de la progression russe, les autorit\u00e9s ukrainiennes ont ordonn\u00e9 vendredi l&rsquo;\u00e9vacuation de plus de 3.000 enfants avec leurs parents d&rsquo;une quarantaine de localit\u00e9s dans les r\u00e9gions de Zaporijjia (sud) et Dnipropetrovsk (centre-est).<\/p>\n<p class=\"lead \">Dans ses voeux pour 2026, Volodymyr Zelensky a affirm\u00e9 qu&rsquo;un accord pour mettre fin \u00e0 la guerre \u00e9tait \u00ab\u00a0pr\u00eat \u00e0 90%\u00a0\u00bb, tout en avertissant que les 10% restants allaient d\u00e9terminer le \u00ab\u00a0destin de la paix\u00a0\u00bb, l&rsquo;avenir des territoires occup\u00e9s par la Russie demeurant l&rsquo;un des points cl\u00e9s.<\/p>\n<p class=\"lead \">Cet accord n&rsquo;est cependant pas n\u00e9goci\u00e9 directement, Ukrainiens et Russes \u00e9changeant avec les Am\u00e9ricains. Et l&rsquo;adoption de sa derni\u00e8re mouture par Moscou semble improbable, car elle abandonne certaines de ses revendications cl\u00e9s.<\/p>\n<p class=\"lead \">Vladimir Poutine a r\u00e9p\u00e9t\u00e9 ces derni\u00e8res semaines que la Russie atteindra ses objectifs en Ukraine \u00ab\u00a0par la voie militaire\u00a0\u00bb si les n\u00e9gociations \u00e9chouaient et salu\u00e9 les r\u00e9cents gains de son arm\u00e9e sur le front.<\/p>\n<p class=\"lead \">Son homologue ukrainien a, lui, choisi vendredi le chef du renseignement militaire, Kyrylo Boudanov, pour diriger son cabinet, l&rsquo;un des postes les plus importants du pays.<\/p>\n<p class=\"lead \">Loin du profil de son pr\u00e9d\u00e9cesseur, Andri\u00ef Iermak, tomb\u00e9 en disgr\u00e2ce \u00e0 cause d&rsquo;un scandale de corruption, M. Boudanov est un militaire de carri\u00e8re connu pour ses audacieuses op\u00e9rations contre la Russie et honni par Moscou, qui le qualifie de \u00ab\u00a0terroriste\u00a0\u00bb.<\/p>\n<p class=\"lead \">M. Zelensky a aussi annonc\u00e9 son intention de remplacer l&rsquo;actuel ministre de la D\u00e9fense Denys Chmygal, nomm\u00e9 il y a moins d&rsquo;un an, en juillet 2025, par le ministre de la Transformation digitale, Mykha\u00eflo Fedorov, un nouveau venu en politique \u00e2g\u00e9 de seulement 34 ans.<\/p>\n<p class=\"lead \">Les premiers jours de 2026 ont \u00e9t\u00e9 marqu\u00e9s par des bombardements ukrainiens et russes.<\/p>\n<p class=\"lead \">Vendredi, la Russie a, elle, frapp\u00e9 le centre-ville de Kharkiv, la deuxi\u00e8me cit\u00e9 d&rsquo;Ukraine, faisant deux morts, selon les autorit\u00e9s locales.<\/p>\n<p class=\"small font-weight-bold text-gray3 \"> publi\u00e9 le 3 janvier \u00e0 04h00, AFP<\/p>\n<p>                             Partager<\/p>\n","protected":false},"excerpt":{"rendered":"De nouvelles n\u00e9gociations ont lieu samedi \u00e0 Kiev entre l&rsquo;Ukraine et ses alli\u00e9s europ\u00e9ens et am\u00e9ricain sur un&hellip;\n","protected":false},"author":2,"featured_media":637582,"comment_status":"","ping_status":"","sticky":false,"template":"","format":"standard","meta":{"footnotes":""},"categories":[1590],"tags":[11,2120,1777,674,12,132,220,308],"class_list":{"0":"post-637581","1":"post","2":"type-post","3":"status-publish","4":"format-standard","5":"has-post-thumbnail","7":"category-ukraine","8":"tag-actualites","9":"tag-conflit","10":"tag-eu","11":"tag-europe","12":"tag-news","13":"tag-russie","14":"tag-ukraine","15":"tag-usa"},"share_on_mastodon":{"url":"https:\/\/pubeurope.com\/@fr\/115829291278919520","error":""},"_links":{"self":[{"href":"https:\/\/www.europesays.com\/fr\/wp-json\/wp\/v2\/posts\/637581","targetHints":{"allow":["GET"]}}],"collection":[{"href":"https:\/\/www.europesays.com\/fr\/wp-json\/wp\/v2\/posts"}],"about":[{"href":"https:\/\/www.europesays.com\/fr\/wp-json\/wp\/v2\/types\/post"}],"author":[{"embeddable":true,"href":"https:\/\/www.europesays.com\/fr\/wp-json\/wp\/v2\/users\/2"}],"replies":[{"embeddable":true,"href":"https:\/\/www.europesays.com\/fr\/wp-json\/wp\/v2\/comments?post=637581"}],"version-history":[{"count":0,"href":"https:\/\/www.europesays.com\/fr\/wp-json\/wp\/v2\/posts\/637581\/revisions"}],"wp:featuredmedia":[{"embeddable":true,"href":"https:\/\/www.europesays.com\/fr\/wp-json\/wp\/v2\/media\/637582"}],"wp:attachment":[{"href":"https:\/\/www.europesays.com\/fr\/wp-json\/wp\/v2\/media?parent=637581"}],"wp:term":[{"taxonomy":"category","embeddable":true,"href":"https:\/\/www.europesays.com\/fr\/wp-json\/wp\/v2\/categories?post=637581"},{"taxonomy":"post_tag","embeddable":true,"href":"https:\/\/www.europesays.com\/fr\/wp-json\/wp\/v2\/tags?post=637581"}],"curies":[{"name":"wp","href":"https:\/\/api.w.org\/{rel}","templated":true}]}}