{"id":637584,"date":"2026-01-03T04:32:25","date_gmt":"2026-01-03T04:32:25","guid":{"rendered":"https:\/\/www.europesays.com\/fr\/637584\/"},"modified":"2026-01-03T04:32:25","modified_gmt":"2026-01-03T04:32:25","slug":"violent-seisme-de-magnitude-65-a-mexico","status":"publish","type":"post","link":"https:\/\/www.europesays.com\/fr\/637584\/","title":{"rendered":"Violent s\u00e9isme, de magnitude 6,5 \u00e0 Mexico"},"content":{"rendered":"<p class=\"sc-7c8a2665-13 eBhjlJ\">Un fort s\u00e9isme a frapp\u00e9 lundi le nord du Japon. L\u2019Institut am\u00e9ricain de g\u00e9ophysique (USGS) a affirm\u00e9 que le tremblement de terre de magnitude 7,6 s\u2019est produit \u00e0 15h15 (heure suisse) au large de Misawa, sur la c\u00f4te Pacifique du Japon, \u00e0 une profondeur de 53 km. L\u2019agence m\u00e9t\u00e9orologique japonaise (JMA) a aussit\u00f4t \u00e9mis une alerte au tsunami.<\/p>\n<p class=\"sc-7c8a2665-13 eBhjlJ\">Une premi\u00e8re vague de 40 cm a d\u00e9ferl\u00e9 sur un port dans la r\u00e9gion septentrionale d\u2019Aomori, o\u00f9 se situe Misawa, \u00e0 23h43 locales (15h43 en Suisse), a-t-elle pr\u00e9cis\u00e9. A 23h50, une autre vague de 40 cm a atteint la ville d\u2019Urakawa, dans la r\u00e9gion d\u2019Hokkaido.<\/p>\n<p><img loading=\"lazy\" decoding=\"async\" src=\"https:\/\/www.europesays.com\/fr\/wp-content\/uploads\/2026\/01\/cee38592-420e-4fdb-bb4e-507d0cf205ea.jpg\" alt=\"\" title=\"\"  width=\"859\" height=\"700\"\/>Capture d&rsquo;\u00e9cran du site de l&rsquo;agence m\u00e9t\u00e9orologique locale<\/p>\n<p class=\"sc-7c8a2665-13 eBhjlJ\">Plusieurs personnes ont \u00e9t\u00e9 bless\u00e9es, a rapport\u00e9 la t\u00e9l\u00e9vision publique NHK. Des images film\u00e9es en direct montrent des morceaux de verre bris\u00e9s \u00e9parpill\u00e9s sur les routes. Le s\u00e9isme a \u00e9galement \u00e9t\u00e9 ressenti dans la grande ville de Sapporo, dans le nord de l\u2019archipel nippon, o\u00f9 les alarmes des t\u00e9l\u00e9phones portables des habitants ont retenti.<\/p>\n<p class=\"sc-7c8a2665-13 eBhjlJ\">Les habitants de la c\u00f4te centrale du Hokkaido, de la c\u00f4te Pacifique de la pr\u00e9fecture d\u2019Aomori et de la pr\u00e9fecture d\u2019Iwate, pour lesquels une alerte au tsunami a \u00e9t\u00e9 \u00e9mise, \u00absont pri\u00e9s de se r\u00e9fugier imm\u00e9diatement dans un lieu s\u00fbr, tel qu\u2019une colline ou un b\u00e2timent \u00e9vacuation\u00bb, a expliqu\u00e9 la premi\u00e8re ministre sur X. \u00abM\u00eame si le tsunami est arriv\u00e9, il est possible que des deuxi\u00e8me et troisi\u00e8me vagues plus importantes suivent.\u00bb\u00a0La JMA redoutait un peu plus t\u00f4t lundi un tsunami pouvant atteindre 3 m.<\/p>\n","protected":false},"excerpt":{"rendered":"Un fort s\u00e9isme a frapp\u00e9 lundi le nord du Japon. L\u2019Institut am\u00e9ricain de g\u00e9ophysique (USGS) a affirm\u00e9 que&hellip;\n","protected":false},"author":2,"featured_media":637585,"comment_status":"","ping_status":"","sticky":false,"template":"","format":"standard","meta":{"footnotes":""},"categories":[1588],"tags":[11,1777,674,12,473,1853,1851,1850,1852],"class_list":{"0":"post-637584","1":"post","2":"type-post","3":"status-publish","4":"format-standard","5":"has-post-thumbnail","7":"category-royaume-uni","8":"tag-actualites","9":"tag-eu","10":"tag-europe","11":"tag-news","12":"tag-royaume-uni","13":"tag-royaume-uni-de-grande-bretagne-et-dirlande-du-nord","14":"tag-uk","15":"tag-united-kingdom","16":"tag-united-kingdom-of-great-britain-and-northern-ireland"},"share_on_mastodon":{"url":"https:\/\/pubeurope.com\/@fr\/115829299202233529","error":""},"_links":{"self":[{"href":"https:\/\/www.europesays.com\/fr\/wp-json\/wp\/v2\/posts\/637584","targetHints":{"allow":["GET"]}}],"collection":[{"href":"https:\/\/www.europesays.com\/fr\/wp-json\/wp\/v2\/posts"}],"about":[{"href":"https:\/\/www.europesays.com\/fr\/wp-json\/wp\/v2\/types\/post"}],"author":[{"embeddable":true,"href":"https:\/\/www.europesays.com\/fr\/wp-json\/wp\/v2\/users\/2"}],"replies":[{"embeddable":true,"href":"https:\/\/www.europesays.com\/fr\/wp-json\/wp\/v2\/comments?post=637584"}],"version-history":[{"count":0,"href":"https:\/\/www.europesays.com\/fr\/wp-json\/wp\/v2\/posts\/637584\/revisions"}],"wp:featuredmedia":[{"embeddable":true,"href":"https:\/\/www.europesays.com\/fr\/wp-json\/wp\/v2\/media\/637585"}],"wp:attachment":[{"href":"https:\/\/www.europesays.com\/fr\/wp-json\/wp\/v2\/media?parent=637584"}],"wp:term":[{"taxonomy":"category","embeddable":true,"href":"https:\/\/www.europesays.com\/fr\/wp-json\/wp\/v2\/categories?post=637584"},{"taxonomy":"post_tag","embeddable":true,"href":"https:\/\/www.europesays.com\/fr\/wp-json\/wp\/v2\/tags?post=637584"}],"curies":[{"name":"wp","href":"https:\/\/api.w.org\/{rel}","templated":true}]}}