{"id":637588,"date":"2026-01-03T04:34:25","date_gmt":"2026-01-03T04:34:25","guid":{"rendered":"https:\/\/www.europesays.com\/fr\/637588\/"},"modified":"2026-01-03T04:34:25","modified_gmt":"2026-01-03T04:34:25","slug":"une-rentree-2026-sans-reseaux-sociaux-ni-portables-pour-les-adolescents","status":"publish","type":"post","link":"https:\/\/www.europesays.com\/fr\/637588\/","title":{"rendered":"une rentr\u00e9e 2026 sans r\u00e9seaux sociaux ni portables pour les adolescents ?"},"content":{"rendered":"<p>Le num\u00e9rique fait d\u00e9sormais partie int\u00e9grante de la vie des ados. Il informe, divertit, relie. Sauf qu\u2019\u00e0 force d\u2019omnipr\u00e9sence, il peut aussi envahir. C\u2019est face \u00e0 ce constat que <a href=\"https:\/\/www.franceinfo.fr\/internet\/reseaux-sociaux\/info-franceinfo-le-projet-de-loi-pour-interdire-les-reseaux-sociaux-aux-moins-de-15-ans-est-pret-et-sera-examine-debut-janvier_7712140.html\" target=\"_blank\" rel=\"noopener\">le gouvernement fran\u00e7ais<\/a> a d\u00e9cid\u00e9 de hausser le ton. Un projet de loi pr\u00e9sent\u00e9 en janvier 2026 pr\u00e9voit deux changements majeurs : emp\u00eacher l\u2019acc\u00e8s aux r\u00e9seaux sociaux aux moins de 15 ans et \u00e9tendre l\u2019interdiction du t\u00e9l\u00e9phone portable jusqu\u2019aux lyc\u00e9es \u00e0 partir de la rentr\u00e9e 2026.<\/p>\n<p>Des usages num\u00e9riques qui inqui\u00e8tent de plus en plus<\/p>\n<p>Les chiffres et \u00e9tudes r\u00e9centes dressent un tableau pr\u00e9occupant. Temps d\u2019\u00e9cran excessif, fatigue chronique, troubles du sommeil, anxi\u00e9t\u00e9, perte de confiance en soi ou encore cyberharc\u00e8lement : les adolescents paient parfois un lourd tribut \u00e0 une hyperconnexion constante. Les r\u00e9seaux sociaux, en particulier, favorisent la comparaison permanente, les injonctions esth\u00e9tiques irr\u00e9alistes et la pression de la performance. \u00c0 l\u2019oppos\u00e9 d\u2019une approche body positive, ils peuvent fragiliser l\u2019estime de soi et brouiller le lien au corps, pourtant en pleine construction \u00e0 cet \u00e2ge.<\/p>\n<p>Pour encadrer ces pratiques, l\u2019Autorit\u00e9 de r\u00e9gulation de la communication audiovisuelle et num\u00e9rique (Arcom) serait charg\u00e9e de veiller \u00e0 l\u2019application des r\u00e8gles, en lien avec le cadre europ\u00e9en du Digital Services Act.<\/p>\n<p>R\u00e9seaux sociaux interdits avant 15 ans : un changement radical<\/p>\n<p>Le projet de loi pr\u00e9voit une interdiction claire des principales plateformes sociales \u2013 comme TikTok, Instagram ou Snapchat \u2013 pour les moins de 15 ans. Les entreprises concern\u00e9es auraient l\u2019obligation de v\u00e9rifier l\u2019\u00e2ge r\u00e9el de leurs utilisateurs, sous peine de sanctions. L\u2019id\u00e9e n\u2019est pas de diaboliser les outils num\u00e9riques, mais de reconna\u00eetre que certains espaces virtuels ne sont pas adapt\u00e9s \u00e0 des adolescents encore en construction \u00e9motionnelle.<\/p>\n<p>Cette initiative s\u2019inspire de ce qui se fait d\u00e9j\u00e0 ailleurs. En Australie, par exemple, une exp\u00e9rimentation fixe la limite \u00e0 16 ans. En Europe, la France souhaite ainsi ouvrir la voie \u00e0 une r\u00e9gulation plus protectrice, en pla\u00e7ant le d\u00e9veloppement personnel, la sant\u00e9 mentale et le respect de soi au c\u0153ur du d\u00e9bat.<\/p>\n<p>Des lyc\u00e9es sans t\u00e9l\u00e9phones pour retrouver l\u2019attention<\/p>\n<p>Autre mesure phare : l\u2019interdiction du t\u00e9l\u00e9phone portable au lyc\u00e9e. Apr\u00e8s l\u2019\u00e9cole primaire, la maternelle et le coll\u00e8ge, concern\u00e9s depuis 2018, ce serait au tour des lyc\u00e9ens de ranger leurs smartphones dans leur sac. L\u2019objectif affich\u00e9 est d\u2019harmoniser les r\u00e8gles et de recr\u00e9er un environnement propice \u00e0 la concentration, aux \u00e9changes r\u00e9els et \u00e0 l\u2019apprentissage.<\/p>\n<p>Concr\u00e8tement, cela signifie un retour aux classeurs, aux cahiers et aux discussions en face-\u00e0-face. Des dispositifs de confiscation pourraient \u00eatre mis en place, m\u00eame si la question de l\u2019application reste sensible, notamment dans les espaces moins surveill\u00e9s.<\/p>\n<p>Un d\u00e9bat qui divise, en France et ailleurs<\/p>\n<p>La ministre d\u00e9l\u00e9gu\u00e9e au Num\u00e9rique, Anne Le H\u00e9nanff, d\u00e9fend un texte appuy\u00e9 sur des donn\u00e9es scientifiques solides concernant les effets n\u00e9gatifs des \u00e9crans. De nombreux parents et enseignants saluent une initiative qui pourrait apaiser le climat scolaire et favoriser des relations plus saines, plus authentiques.<\/p>\n<p>Du c\u00f4t\u00e9 des adolescents, les r\u00e9actions sont plus contrast\u00e9es. Certains y voient une atteinte \u00e0 leur libert\u00e9, d\u2019autres reconnaissent, parfois \u00e0 demi-mot, le poids que repr\u00e9sente la connexion permanente. Plusieurs pays europ\u00e9ens, comme les Pays-Bas ou la Su\u00e8de, r\u00e9fl\u00e9chissent eux aussi \u00e0 des mesures similaires, preuve que la question d\u00e9passe largement les fronti\u00e8res fran\u00e7aises.<\/p>\n<p>2026, une rentr\u00e9e test pour toute une g\u00e9n\u00e9ration<\/p>\n<p>Le gouvernement esp\u00e8re une adoption du texte avant l\u2019\u00e9t\u00e9 2026 afin d\u2019appliquer ces mesures d\u00e8s la rentr\u00e9e suivante. L\u2019ambition est vraisemblablement claire : aider les ados \u00e0 se reconnecter \u00e0 eux-m\u00eames et aux autres, sans filtre ni \u00e9cran. Reste \u00e0 savoir si cette r\u00e9forme marquera un changement durable ou si elle devra encore s\u2019adapter aux r\u00e9alit\u00e9s du terrain.<\/p>\n<p>Une chose est s\u00fbre : le d\u00e9bat est lanc\u00e9, et il touche \u00e0 l\u2019essentiel \u2013 le bien-\u00eatre, l\u2019\u00e9quilibre et la libert\u00e9 de grandir sereinement.<\/p>\n","protected":false},"excerpt":{"rendered":"Le num\u00e9rique fait d\u00e9sormais partie int\u00e9grante de la vie des ados. Il informe, divertit, relie. Sauf qu\u2019\u00e0 force&hellip;\n","protected":false},"author":2,"featured_media":637589,"comment_status":"","ping_status":"","sticky":false,"template":"","format":"standard","meta":{"footnotes":""},"categories":[1586],"tags":[11,1777,674,1011,27,12,25],"class_list":{"0":"post-637588","1":"post","2":"type-post","3":"status-publish","4":"format-standard","5":"has-post-thumbnail","7":"category-europe","8":"tag-actualites","9":"tag-eu","10":"tag-europe","11":"tag-fr","12":"tag-france","13":"tag-news","14":"tag-republique-francaise"},"share_on_mastodon":{"url":"https:\/\/pubeurope.com\/@fr\/115829307031314180","error":""},"_links":{"self":[{"href":"https:\/\/www.europesays.com\/fr\/wp-json\/wp\/v2\/posts\/637588","targetHints":{"allow":["GET"]}}],"collection":[{"href":"https:\/\/www.europesays.com\/fr\/wp-json\/wp\/v2\/posts"}],"about":[{"href":"https:\/\/www.europesays.com\/fr\/wp-json\/wp\/v2\/types\/post"}],"author":[{"embeddable":true,"href":"https:\/\/www.europesays.com\/fr\/wp-json\/wp\/v2\/users\/2"}],"replies":[{"embeddable":true,"href":"https:\/\/www.europesays.com\/fr\/wp-json\/wp\/v2\/comments?post=637588"}],"version-history":[{"count":0,"href":"https:\/\/www.europesays.com\/fr\/wp-json\/wp\/v2\/posts\/637588\/revisions"}],"wp:featuredmedia":[{"embeddable":true,"href":"https:\/\/www.europesays.com\/fr\/wp-json\/wp\/v2\/media\/637589"}],"wp:attachment":[{"href":"https:\/\/www.europesays.com\/fr\/wp-json\/wp\/v2\/media?parent=637588"}],"wp:term":[{"taxonomy":"category","embeddable":true,"href":"https:\/\/www.europesays.com\/fr\/wp-json\/wp\/v2\/categories?post=637588"},{"taxonomy":"post_tag","embeddable":true,"href":"https:\/\/www.europesays.com\/fr\/wp-json\/wp\/v2\/tags?post=637588"}],"curies":[{"name":"wp","href":"https:\/\/api.w.org\/{rel}","templated":true}]}}