{"id":637590,"date":"2026-01-03T04:35:14","date_gmt":"2026-01-03T04:35:14","guid":{"rendered":"https:\/\/www.europesays.com\/fr\/637590\/"},"modified":"2026-01-03T04:35:14","modified_gmt":"2026-01-03T04:35:14","slug":"pillage-des-ressources-sahraouies-le-polisario-sollicite-la-cjue-pour-invalider-laccord-rabat-ue","status":"publish","type":"post","link":"https:\/\/www.europesays.com\/fr\/637590\/","title":{"rendered":"PILLAGE DES RESSOURCES SAHRAOUIES :\u00a0Le Polisario sollicite la CJUE pour invalider l\u2019accord Rabat-UE"},"content":{"rendered":"<p>        <a href=\"https:\/\/www.europesays.com\/fr\/wp-content\/uploads\/2026\/01\/CJUE.jpg\" data-caption=\"\"><img loading=\"lazy\" decoding=\"async\" width=\"620\" height=\"310\" class=\"entry-thumb td-modal-image\" src=\"https:\/\/www.europesays.com\/fr\/wp-content\/uploads\/2026\/01\/CJUE.jpg\"   alt=\"\" title=\"CJUE\"\/><\/a><\/p>\n<p>Le Front Polisario a introduit un appel aupr\u00e8s de la Cour de justice de l\u2019Union europ\u00e9enne (CJUE) pour invalider le r\u00e9cent accord commercial sign\u00e9 entre l\u2019Union europ\u00e9enne et le Maroc, qui inclut des produits du Sahara occidental et qui est entr\u00e9 provisoirement en vigueur le 3 octobre 2025, indique l\u2019agence Sahara Press Service.<br \/>Il faut rappeler dans ce contexte, que l\u2019UE, avait foul\u00e9 aux pieds des arr\u00eats de la CUJE pour ent\u00e9riner des accords avec le Maroc incluant dans leur territoire de mise en \u0153uvre des zones du Sahara occidental occup\u00e9. Dans une d\u00e9claration \u00e0 l\u2019Agence de presse alg\u00e9rienne (APS), le conseiller sp\u00e9cial de la pr\u00e9sidence de la R\u00e9publique de la RASD, charg\u00e9 des ressources naturelles et des affaires juridiques connexes, M. Oubbi Buchraya Bachir, a affirm\u00e9 que \u00ab le Front Polisario, en sa qualit\u00e9 de repr\u00e9sentant exclusif et l\u00e9gitime du peuple saharaoui et ayant une qualit\u00e9 active pour plaider devant les instances judiciaires europ\u00e9ennes en d\u00e9fense de leurs droits, a introduit le 28 d\u00e9cembre 2025 un appel aupr\u00e8s de la Cour de justice de l\u2019Union europ\u00e9enne contre le r\u00e9cent accord commercial sign\u00e9 entre l\u2019Union europ\u00e9enne et le Royaume du Maroc, sous la forme d\u2019une demande provisoire \u00bb. M.Bouchraya \u00a0a rappel\u00e9 que \u00ab cet accord constitue une violation claire des pr\u00e9c\u00e9dents jugements de la CJUE de l\u2019Union europ\u00e9enne rendus le 4 octobre 2014, en contournant le principe et la condition du consentement du peuple Sahraoui \u00e0 l\u2019autod\u00e9termination, un principe confirm\u00e9 par la Cour de justice de l\u2019Union europ\u00e9enne dans son jugement historique de d\u00e9cembre 2016 et dans tous les jugements ult\u00e9rieurs \u00bb. Il faut rappeler dans ce contexte que l\u2019UE a foul\u00e9 aux pieds des arr\u00eats et des d\u00e9cisions \u00e9manant de sa plus haute autorit\u00e9 judiciaire charg\u00e9e de veiller \u00e0 la conformit\u00e9 des textes des accords avec le droit international et les constitutions des membres de l\u2019Union. Plus explicite le diplomate sahraoui a ajout\u00e9 que \u00ab cet accord constitue une violation claire du principe selon lequel \u00ab le Sahara occidental et le Royaume du Maroc sont deux territoires distincts et s\u00e9par\u00e9s \u00bb et que le Maroc \u00ab ne poss\u00e8de aucune forme de souverainet\u00e9 sur le territoire \u00bb, r\u00e9affirm\u00e9 par la CJUE, d\u2019o\u00f9 l\u2019adoption de la nouvelle man\u0153uvre de \u00ab division territoriale et administrative \u00bb par les autorit\u00e9s d\u2019occupation marocaines, plut\u00f4t que par le pays d\u2019origine, le Sahara occidental, et son symbole reconnu internationalement, qui diff\u00e8re de celui du Maroc, constitue \u00e9galement une violation claire de ce principe. Il faut rappeler que la r\u00e9solution adopt\u00e9e par le Conseil de s\u00e9curit\u00e9 de l\u2019ONU, le 31 octobre dernier rappelle que le Maroc n\u2019a aucune souverainet\u00e9 sur le Sahara qui est un territoire autonome et que l\u2019occupant marocain et le Front Polisario doivent entamer des n\u00e9gociations directes dans le cadre du respect du droit du peuple sahraoui \u00e0 l\u2019autod\u00e9termination ce qui est une preuve de plus que l\u2019UE est aux antipodes de la l\u00e9galit\u00e9 internationale. Oubbi Buchraya a d\u00e9clar\u00e9 que \u00ab le Front Polisario poursuivra sa campagne juridique, diplomatique et m\u00e9diatique pour \u00e9tablir et faire respecter la souverainet\u00e9 du peuple Sahraoui sur ses ressources naturelles et pour contrer les vell\u00e9it\u00e9s du Maroc visant \u00e0 financer sa poursuite d\u2019occupation du Sahara occidental en pillant ses ressources, en appauvrissant sa population et en faisant avancer ses politiques de colonisation \u00bb.<br \/>Pour sa part le coordinateur des organisations d\u2019agriculteurs et d\u2019\u00e9leveurs (COAG) a d\u00e9j\u00e0 exprim\u00e9 son \u00ab plus fort rejet \u00bb du pacte agricole entre l\u2019Union europ\u00e9enne et le Maroc, qui inclut des produits du Sahara occidental. L\u2019opposition a \u00e9t\u00e9 exprim\u00e9e en octobre dernier par Andr\u00e9s G\u00f3ngora, responsable des Fruits et L\u00e9gumes au COAG, lors de la pl\u00e9ni\u00e8re du Comit\u00e9 mixte europ\u00e9en sur les fruits et l\u00e9gumes \u00e0 Madrid, en pr\u00e9sence de d\u00e9l\u00e9gu\u00e9s de gouvernements, d\u2019agriculteurs et de coop\u00e9ratives de France, d\u2019Espagne, d\u2019Italie et du Portugal. G\u00f3ngora a critiqu\u00e9 le \u00ab manque de transparence \u00bb et \u00ab l\u2019ill\u00e9galit\u00e9 \u00bb de l\u2019accord, soulignant son impact potentiel \u00ab d\u00e9vastateur \u00bb sur le secteur europ\u00e9en des fruits et l\u00e9gumes ainsi que la \u00ab violation \u00bb des droits du peuple Sahraoui. Ce dernier avait propos\u00e9 un document commun pour formaliser cette opposition, qualifiant l\u2019accord de \u00ab pi\u00e8ge \u00bb juridique de la Commission europ\u00e9enne. La m\u00eame opposition a \u00e9t\u00e9 manifest\u00e9e par l\u2019Association agricole des jeunes agriculteurs (ASAJA), qui a appel\u00e9 le Parlement europ\u00e9en \u00e0 rejeter l\u2019accord commercial entre l\u2019UE et le Maroc, conclu par des moyens express, sans transparence ni garanties pour les producteurs europ\u00e9ens. Elle a fait part de la concurrence d\u00e9loyale d\u00e9j\u00e0 subie par les travailleurs ind\u00e9pendants dans la campagne espagnole. L\u2019organisation agricole assure que l\u2019absence de garanties et de contr\u00f4les permettrait \u00e0 des produits agricoles avec des normes sociales et environnementales inf\u00e9rieures de continuer \u00e0 entrer dans l\u2019UE. Cela rendrait encore plus difficile la viabilit\u00e9 \u00e9conomique des fermes avec des marges minimes. Il faut rappeler que l\u2019UE est en train de fouler aux pieds aussi bien la l\u00e9galit\u00e9 internationale que les lois vot\u00e9es par ses propres membres. En cautionnant les contrats sign\u00e9s avec le Maroc elle est pass\u00e9e outre les d\u00e9cisions de la CJUE et en annon\u00e7ant l\u2019entr\u00e9e en vigueur de l\u2019accord Mercosur (accord de partenariat agricole entre l\u2019UE et des pays d\u2019Am\u00e9rique Latine), elle a mis en p\u00e9ril l\u2019avenir des petits producteurs europ\u00e9ens de produits agricoles.<br \/><strong>Slimane B.<\/strong><\/p>\n<p>&#13;<br \/>\n\t\t\t\t Post Views: 238&#13;\n\t\t\t<\/p>\n","protected":false},"excerpt":{"rendered":"Le Front Polisario a introduit un appel aupr\u00e8s de la Cour de justice de l\u2019Union europ\u00e9enne (CJUE) pour&hellip;\n","protected":false},"author":2,"featured_media":637591,"comment_status":"","ping_status":"","sticky":false,"template":"","format":"standard","meta":{"footnotes":""},"categories":[1586],"tags":[11,1777,674,1779,1011,27,12,25,1778,364],"class_list":{"0":"post-637590","1":"post","2":"type-post","3":"status-publish","4":"format-standard","5":"has-post-thumbnail","7":"category-europe","8":"tag-actualites","9":"tag-eu","10":"tag-europe","11":"tag-european-union","12":"tag-fr","13":"tag-france","14":"tag-news","15":"tag-republique-francaise","16":"tag-ue","17":"tag-union-europeenne"},"share_on_mastodon":{"url":"https:\/\/pubeurope.com\/@fr\/115829311032136917","error":""},"_links":{"self":[{"href":"https:\/\/www.europesays.com\/fr\/wp-json\/wp\/v2\/posts\/637590","targetHints":{"allow":["GET"]}}],"collection":[{"href":"https:\/\/www.europesays.com\/fr\/wp-json\/wp\/v2\/posts"}],"about":[{"href":"https:\/\/www.europesays.com\/fr\/wp-json\/wp\/v2\/types\/post"}],"author":[{"embeddable":true,"href":"https:\/\/www.europesays.com\/fr\/wp-json\/wp\/v2\/users\/2"}],"replies":[{"embeddable":true,"href":"https:\/\/www.europesays.com\/fr\/wp-json\/wp\/v2\/comments?post=637590"}],"version-history":[{"count":0,"href":"https:\/\/www.europesays.com\/fr\/wp-json\/wp\/v2\/posts\/637590\/revisions"}],"wp:featuredmedia":[{"embeddable":true,"href":"https:\/\/www.europesays.com\/fr\/wp-json\/wp\/v2\/media\/637591"}],"wp:attachment":[{"href":"https:\/\/www.europesays.com\/fr\/wp-json\/wp\/v2\/media?parent=637590"}],"wp:term":[{"taxonomy":"category","embeddable":true,"href":"https:\/\/www.europesays.com\/fr\/wp-json\/wp\/v2\/categories?post=637590"},{"taxonomy":"post_tag","embeddable":true,"href":"https:\/\/www.europesays.com\/fr\/wp-json\/wp\/v2\/tags?post=637590"}],"curies":[{"name":"wp","href":"https:\/\/api.w.org\/{rel}","templated":true}]}}