{"id":637597,"date":"2026-01-03T04:41:17","date_gmt":"2026-01-03T04:41:17","guid":{"rendered":"https:\/\/www.europesays.com\/fr\/637597\/"},"modified":"2026-01-03T04:41:17","modified_gmt":"2026-01-03T04:41:17","slug":"cest-luniformisation-des-stades-qui-tuera-nos-tribunes-nous-nen-voulons-pas-les-clubs-de-supporters-de-rugby-sunissent-pour-une-ambiance-humaine-et-non-ar","status":"publish","type":"post","link":"https:\/\/www.europesays.com\/fr\/637597\/","title":{"rendered":"C\u2019est l\u2019uniformisation des stades qui tuera nos tribunes, nous n\u2019en voulons pas\u00a0\u00bb\u00a0: les clubs de supporters de rugby s\u2019unissent pour \u00ab\u00a0une ambiance humaine et non artificielle"},"content":{"rendered":"<p>\n                                                                D\u00e9but d\u00e9cembre, onze clubs de supporters des clubs de Top 14 ou Pro D2 ont fond\u00e9 le Collectif des Supporters de Rugby. Son mot d\u2019ordre\u00a0: \u00ab\u00a0Stades pleins, vivants et color\u00e9s\u00a0\u00bb.\u00a0Mais aussi le refus d\u2019une \u00ab\u00a0uniformisation des stades qui tuera nos tribunes, notre collectif souhaite embrasser cette \u00e9volution pour mieux l\u2019accompagner afin d\u2019encourager une ambiance humaine et non artificielle.\u00a0\u00bb La Penya Trabucayres est du combat. Son pr\u00e9sident Vincent Panabi\u00e8res pr\u00e9cise les enjeux, avant un USAP-Stade Toulousain tr\u00e8s attendu \u00e0 Aim\u00e9-Giral.\n                            <\/p>\n<p class=\"txt-question\">Pourquoi ce regroupement de plusieurs clubs de supporters du Top 14 et de Pro D2\u00a0?<\/p>\n<p>L\u2019\u00e9volution sociologique dans les stades de rugby est une r\u00e9alit\u00e9 et nous souhaitons que les instances nationales la prennent vraiment en compte. C\u2019est pourquoi notre mouvement souhaite d\u00e9fendre le support\u00e9risme dans les stades du rugby professionnel. Et\u00a0notamment en ce qui concerne les animations et les probl\u00e9matiques que peuvent rencontrer les supporters locaux et visiteurs lorsqu\u2019ils se rendent aux matchs que ce soir la billetterie, la programmation TV, l\u2019autorisation d\u2019entrer du mat\u00e9riel et d\u2019autres.<\/p>\n<p class=\"txt-question\">Trois sujets majeurs sont port\u00e9s par le Collectif, le premier concerne les interdictions de mat\u00e9riel, type drapeaux ou tambours\u2026<\/p>\n<p>Nous souhaitons porter ces trois projets majeurs pour favoriser l\u2019ambiance dans les stades, c\u2019est essentiel. Tout d\u2019abord, le mat\u00e9riel inh\u00e9rent \u00e0 des tribunes anim\u00e9es et color\u00e9es. Faire rentrer du mat\u00e9riel \u2013 m\u00eame classique \u2013 est devenu un vrai parcours du combattant en raison de r\u00e8gles tr\u00e8s h\u00e9t\u00e9rog\u00e8nes et opaques, ainsi qu\u2019\u00e0 l\u2019exc\u00e8s de z\u00e8le de certains services de s\u00e9curit\u00e9. Il est primordial de d\u00e9finir un cadre clair pour l\u2019usage des tambours, drapeaux, m\u00e9gaphones, banderoles,\u00a0etc. Toutes les associations qui composent ce collectif ont eu un jour ou l\u2019autre des probl\u00e8mes pour rentrer du mat\u00e9riel.<\/p>\n<p class=\"txt-question\">La billetterie est aussi source de crispation\u00a0?<\/p>\n<p>La r\u00e9glementation actuelle oblige les clubs locaux \u00e0 mettre \u00e0 la vente des quotas de places (5\u00a0% par tarif) qui divisent les supporters visiteurs et emp\u00eachent d\u2019avoir des ambiances festives. De mani\u00e8re g\u00e9n\u00e9rale, les supporters visiteurs souhaitent se retrouver dans un m\u00eame secteur\u00a0dans les stades. Non pas qu\u2019ils soient sectaires, mais tout simplement pour pousser tous ensemble derri\u00e8re leur \u00e9quipe. Nous proposons donc d\u2019instaurer un quota de 500 places dans un m\u00eame bloc, avec un tarif unique de 20\u00a0\u20ac maximum, et d\u2019un second quota en tribune lat\u00e9rale avec un tarif \u00e0 d\u00e9finir par le club local.<\/p>\n<blockquote>\n<p>\u00ab\u00a0Si notre stade Aim\u00e9-Giral vibre fortement et reste encore \u00ab\u00a0hostile\u00a0\u00bb, c\u2019est parce que nous ne sommes pas tomb\u00e9s dans cette uniformisation qui touche de nombreux stades\u00a0\u00bb<\/p>\n<\/blockquote>\n<p class=\"txt-question\">Vous visez aussi la programmation TV\u2026<\/p>\n<p>Elle\u00a0est un sujet majeur. Bien conscients de l\u2019importance d\u2019une large diffusion de nos championnats, nous proposons pour la Pro D2 de r\u00e9int\u00e9grer deux matchs le samedi ou le dimanche, et pour le Top 14 de limiter \u00e0 quatre matchs \u00e0 domicile et quatre matchs \u00e0 l\u2019ext\u00e9rieur par \u00e9quipe la programmation le dimanche soir \u00e0 21\u00a0heures, hors les deux derni\u00e8res journ\u00e9es o\u00f9 tous les matchs ont lieu \u00e0 la m\u00eame heure et le m\u00eame jour. Ce constat et cette liste de propositions non exhaustives sont le point de d\u00e9part de notre collectif. Nous sommes convaincus que ces mesures de bon sens permettront d\u2019encourager de belles ambiances chaudes et conviviales pour que chacun, aux quatre coins de la France, puisse vivre sa passion en toute s\u00e9curit\u00e9.<\/p>\n<p class=\"txt-question\">Quid de l\u2019USAP et d\u2019Aim\u00e9-Giral\u00a0?<\/p>\n<p>L\u2019USAP est l\u2019un des rares clubs avoir pris en compte, depuis des ann\u00e9es, les demandes des supporters. Nous travaillons tr\u00e8s bien ensemble, en confiance, en atteste la r\u00e9cente autorisation d\u2019usage d\u2019un m\u00e9gaphone en tribune.<br \/>Si notre stade vibre fortement et reste encore \u00ab\u00a0hostile\u00a0\u00bb, c\u2019est parce que nous ne sommes pas tomb\u00e9s dans cette uniformisation qui touche de nombreux stades. Sinon, il est vrai que les tarifs appliqu\u00e9s \u00e0 Aim\u00e9-Giral sont \u00e9lev\u00e9s. C\u2019est la remarque que j\u2019entends le plus de la part des supporters visiteurs qui viennent nous rendre visite en Catalogne.<\/p>\n<p>Les clubs de supporters fondateurs du Collectif des supporters de rugby\u00a0: BOC (Bayonne), Rugbiterre (B\u00e9ziers), Miarritzeko Mutilak (Biarritz), United UBB (Bordeaux-B\u00e8gles), Club des Bagnards Rochelais (La\u00a0Rochelle), Ultras Sapiac (Montauban), La Honh\u2019Armada (Pau), La Penya dels Trabucayres amb l\u2019Usap (Perpignan), Les fils de Besagne (Toulon), Le Huit (Stade Toulousain) et Virage Lut\u00e8ce (Stade Fran\u00e7ais).<\/p>\n","protected":false},"excerpt":{"rendered":"D\u00e9but d\u00e9cembre, onze clubs de supporters des clubs de Top 14 ou Pro D2 ont fond\u00e9 le Collectif&hellip;\n","protected":false},"author":2,"featured_media":637598,"comment_status":"","ping_status":"","sticky":false,"template":"","format":"standard","meta":{"footnotes":""},"categories":[1416],"tags":[1011,27,3464,11548,479,1468,68796,517,60],"class_list":{"0":"post-637597","1":"post","2":"type-post","3":"status-publish","4":"format-standard","5":"has-post-thumbnail","7":"category-rugby","8":"tag-fr","9":"tag-france","10":"tag-perpignan","11":"tag-pyrenees-orientales","12":"tag-rugby","13":"tag-rugby-football","14":"tag-rugby-u00e0-xv","15":"tag-sport","16":"tag-sports"},"share_on_mastodon":{"url":"https:\/\/pubeurope.com\/@fr\/115829334579452286","error":""},"_links":{"self":[{"href":"https:\/\/www.europesays.com\/fr\/wp-json\/wp\/v2\/posts\/637597","targetHints":{"allow":["GET"]}}],"collection":[{"href":"https:\/\/www.europesays.com\/fr\/wp-json\/wp\/v2\/posts"}],"about":[{"href":"https:\/\/www.europesays.com\/fr\/wp-json\/wp\/v2\/types\/post"}],"author":[{"embeddable":true,"href":"https:\/\/www.europesays.com\/fr\/wp-json\/wp\/v2\/users\/2"}],"replies":[{"embeddable":true,"href":"https:\/\/www.europesays.com\/fr\/wp-json\/wp\/v2\/comments?post=637597"}],"version-history":[{"count":0,"href":"https:\/\/www.europesays.com\/fr\/wp-json\/wp\/v2\/posts\/637597\/revisions"}],"wp:featuredmedia":[{"embeddable":true,"href":"https:\/\/www.europesays.com\/fr\/wp-json\/wp\/v2\/media\/637598"}],"wp:attachment":[{"href":"https:\/\/www.europesays.com\/fr\/wp-json\/wp\/v2\/media?parent=637597"}],"wp:term":[{"taxonomy":"category","embeddable":true,"href":"https:\/\/www.europesays.com\/fr\/wp-json\/wp\/v2\/categories?post=637597"},{"taxonomy":"post_tag","embeddable":true,"href":"https:\/\/www.europesays.com\/fr\/wp-json\/wp\/v2\/tags?post=637597"}],"curies":[{"name":"wp","href":"https:\/\/api.w.org\/{rel}","templated":true}]}}