{"id":63760,"date":"2025-04-30T07:04:11","date_gmt":"2025-04-30T07:04:11","guid":{"rendered":"https:\/\/www.europesays.com\/fr\/63760\/"},"modified":"2025-04-30T07:04:11","modified_gmt":"2025-04-30T07:04:11","slug":"toulouse-construit-par-airbus-ce-satellite-revolutionnaire-et-crucial-pour-la-planete-a-ete-mis-en-orbite","status":"publish","type":"post","link":"https:\/\/www.europesays.com\/fr\/63760\/","title":{"rendered":"Toulouse. Construit par Airbus, ce satellite \u00ab\u00a0r\u00e9volutionnaire\u00a0\u00bb et crucial pour la plan\u00e8te a \u00e9t\u00e9 mis en orbite"},"content":{"rendered":"<p>            Par<br \/>\n        <strong><br \/>\n            <a href=\"https:\/\/actu.fr\/auteur\/guillaume-laurens\" title=\"Consulter tous les articles de Guillaume Laurens\" rel=\"nofollow noopener\" target=\"_blank\">Guillaume Laurens<\/a><br \/>\n        <\/strong><\/p>\n<p>        Publi\u00e9 le<\/p>\n<p>            30 avr. 2025 \u00e0 8h45        <\/p>\n<p>Le satellite <strong>Biomass<\/strong>, construit par\u00a0<a href=\"https:\/\/actu.fr\/tag\/airbus\" rel=\"nofollow noopener\" target=\"_blank\"><strong>Airbus<\/strong><\/a>, a \u00e9t\u00e9 <strong>mis en orbite avec succ\u00e8s<\/strong>, mardi 29 avril 2025, s\u2019est r\u00e9joui le g\u00e9ant a\u00e9rospatial europ\u00e9en depuis son si\u00e8ge mondial \u00e0 Toulouse. C\u2019est un <strong>\u00ab\u00a0instrument r\u00e9volutionnaire\u00a0\u00bb<\/strong> qui servira \u00e0 une mission phare de l\u2019Agence Spatiale Europ\u00e9enne (ESA) : la <strong>surveillance des for\u00eats.<\/strong> Ce qu\u2019il faut savoir sur ce grand projet.<\/p>\n<p>Un satellite qui scrutera les for\u00eats de la Terre<\/p>\n<p class=\" wall-content\">Mission phare de l\u2019Agence Spatiale Europ\u00e9enne (ESA), Biomass utilisera son instrument r\u00e9volutionnaire de radar \u00e0 synth\u00e8se d\u2019ouverture en bande P pour <strong>mesurer la biomasse foresti\u00e8re<\/strong>. Objectif : \u00e9valuer <strong>les stocks et les flux de carbone terrestre<\/strong>, et permettre ainsi aux scientifiques de mieux comprendre le cycle du carbone et ses <strong>effets sur le changement climatique.<\/strong><\/p>\n<p class=\" wall-content\">Lanc\u00e9 par une fus\u00e9e Vega-C depuis le port spatial europ\u00e9en de Kourou, en Guyane, ce satellite scrutera les for\u00eats de la Terre depuis <strong>une altitude de 666 km<\/strong> au cours d\u2019une mission de <strong>cinq ans<\/strong>.<\/p>\n<p>\u00ab\u00a0Des donn\u00e9es sans pr\u00e9c\u00e9dent sur l\u2019\u00e9tat des for\u00eats\u00a0\u00bb<\/p>\n<p class=\" wall-content\">Quelles avanc\u00e9es concr\u00e8tes permettra-t-il ? \u00ab\u00a0Biomass fournira aux scientifiques et aux climatologues<strong> des donn\u00e9es sans pr\u00e9c\u00e9dent<\/strong> sur <strong>l\u2019\u00e9tat des for\u00eats<\/strong> de la plan\u00e8te, ce qui permettra de mieux comprendre le cycle climatique\u00a0\u00bb, explique <strong>Alain Faur\u00e9<\/strong>, responsable des syst\u00e8mes spatiaux chez Airbus Defence and Space.<\/p>\n<blockquote class=\"ac-article-quote wall-content\">\n<p>Le satellite est maintenant en orbite en toute s\u00e9curit\u00e9, pr\u00eat \u00e0 livrer ses pr\u00e9cieuses donn\u00e9es.<\/p>\n<p>    <strong>Alain Faur\u00e9<\/strong><br \/>\n        Responsable des syst\u00e8mes spatiaux chez Airbus Defence and Space    <\/p><\/blockquote>\n<p>Des cartes exceptionnellement pr\u00e9cises<\/p>\n<p class=\" wall-content\">Mission d\u2019exploration de la Terre de l\u2019ESA, Biomass embarque <strong>le premier radar spatial en bande P,<\/strong> qui fournira des<strong> cartes exceptionnellement pr\u00e9cises<\/strong> de la biomasse des for\u00eats tropicales, temp\u00e9r\u00e9es et bor\u00e9ales, afin d\u2019aider \u00e0 mieux comprendre le r\u00f4le que jouent les for\u00eats dans la r\u00e9gulation du climat.<\/p>\n<p><a class=\"jo-module-caroussel__img-container\" href=\"https:\/\/static.actu.fr\/uploads\/2025\/04\/biomass-on-its-way-to-orbit-1.jpg\" title=\"Agrandir la photo Le satellite Biomasse de pointe de l\u2019ESA a \u00e9t\u00e9 lanc\u00e9 \u00e0 bord d\u2019une  fus\u00e9e Vega-C depuis le port spatial de l\u2019Europe \u00e0 Kourou (Guyane).  (\u00a9 ESA - S.Corvaja)\" data-idx=\"1\" rel=\"nofollow noopener\" target=\"_blank\"><br \/>\n    <img decoding=\"async\" class=\"jo-module-caroussel__img\" loading=\"lazy\" src=\"https:\/\/www.europesays.com\/fr\/wp-content\/uploads\/2025\/04\/biomass-on-its-way-to-orbit-1-640x427.jpg\" alt=\"Le satellite Biomasse de pointe de l\u2019ESA a \u00e9t\u00e9 lanc\u00e9 \u00e0 bord d\u2019une  fus\u00e9e Vega-C depuis le port spatial de l\u2019Europe \u00e0 Kourou (Guyane).  (\u00a9 ESA - S.Corvaja)\" width=\"640\" height=\"427\"\/><\/a>Trouver de nouvelles sources d\u2019eau\u2026 dans le d\u00e9sert<\/p>\n<p class=\" wall-content\">\u00ab\u00a0Biomass sera \u00e9galement capable de mesurer les pal\u00e9o-aquif\u00e8res dans les <strong>r\u00e9gions d\u00e9sertiques\u00a0\u00bb,<\/strong> explique Airbus, \u00ab\u00a0afin de trouver <strong>de nouvelles sources d\u2019eau<\/strong> dans les r\u00e9gions arides et de contribuer \u00e0 l\u2019observation de la dynamique des <strong>nappes glaciaires<\/strong>, de la g\u00e9ologie souterraine et de la topographie des for\u00eats\u00a0\u00bb.<\/p>\n<blockquote class=\"ac-article-quote wall-content\">\n<p>Le radar en bande P de Biomass verra \u00e0 travers le couvert forestier jusqu&rsquo;au sol, am\u00e9liorant ainsi les mod\u00e8les num\u00e9riques d&rsquo;\u00e9l\u00e9vation actuels dans les zones dens\u00e9ment bois\u00e9es et offrant une toute nouvelle vue de la surface de la Terre.<\/p>\n<p>    <strong>Airbus<\/strong>\n            <\/p><\/blockquote>\n<p>Une grande antenne de 12 m\u00e8tres de diam\u00e8tre\u00a0<\/p>\n<p class=\" wall-content\">Le vaisseau spatial est \u00e9quip\u00e9 d\u2019une <strong>grande antenne<\/strong> d\u00e9ployable de <strong>12 m\u00e8tres de diam\u00e8tre,<\/strong> pour capter les donn\u00e9es radar r\u00e9fl\u00e9chies depuis la Terre, afin de montrer les \u00e9volutions du stock de biomasse dues \u00e0<strong> la perte de for\u00eats<\/strong> (par exemple \u00e0 cause de d\u00e9boisement ou incendie) et \u00e0 la repousse.<\/p>\n<p><a class=\"jo-module-caroussel__img-container\" href=\"https:\/\/static.actu.fr\/uploads\/2025\/04\/airbus-built-biomass-satellite-copyright-airbus.jpg\" title=\"Agrandir la photo Biomass sera un outil pr\u00e9cieux pour la gestion des for\u00eats dans le monde (\u00a9 Airbus)\" data-idx=\"1\" rel=\"nofollow noopener\" target=\"_blank\"><br \/>\n    <img decoding=\"async\" class=\"jo-module-caroussel__img\" loading=\"lazy\" src=\"https:\/\/www.europesays.com\/fr\/wp-content\/uploads\/2025\/04\/airbus-built-biomass-satellite-copyright-airbus-640x427.jpg\" alt=\"Biomass sera un outil pr\u00e9cieux pour la gestion des for\u00eats dans le monde (\u00a9 Airbus)\" width=\"640\" height=\"427\"\/><\/a>Plus de 50 entreprises impliqu\u00e9es dans le projet<\/p>\n<p class=\" wall-content\">Airbus a d\u00e9velopp\u00e9, construit et test\u00e9 le satellite \u00e0 <strong>Stevenage<\/strong> (Royaume-Uni), <strong>Friedrichshafen<\/strong> (Allemagne) et <strong>Toulouse<\/strong>, avant que l\u2019engin ne soit exp\u00e9di\u00e9 en Guyane en f\u00e9vrier 2025. Les \u00e9quipes se sont ensuite pr\u00e9par\u00e9es aux phases de mise en orbite et \u00e0 la mise aux phases op\u00e9rationnelles. Une \u00e9quipe distincte g\u00e8re la livraison du transpondeur d\u2019\u00e9talonnage au sol, situ\u00e9 \u00e0 <strong>New Norcia <\/strong>(Australie).<\/p>\n<p class=\" wall-content\">Toujours d\u2019apr\u00e8s Airbus, \u00ab\u00a0le d\u00e9veloppement et les essais du vaisseau spatial Biomass ont impliqu\u00e9 plus de <strong>50 entreprises<\/strong> r\u00e9parties dans<strong> 20 pays\u00a0\u00bb.<\/strong><\/p>\n<p>Soutenir une initiative des Nations Unies<\/p>\n<p class=\" wall-content\">Les donn\u00e9es relatives \u00e0 la biomasse soutiendront le <strong>programme REDD+<\/strong>, <a href=\"https:\/\/www.fao.org\/redd\/fr\/\" rel=\"nofollow noopener\" target=\"_blank\">une initiative des <strong>Nations Unies<\/strong><\/a> sur le changement climatique, qui vise \u00e0 r\u00e9duire les \u00e9missions de gaz \u00e0 effet de serre dues \u00e0 <strong>la d\u00e9forestation<\/strong>, en surveillant syst\u00e9matiquement les for\u00eats dans les zones vuln\u00e9rables, sans qu\u2019il soit n\u00e9cessaire d\u2019intervenir au sol.<\/p>\n<p class=\" wall-content\">Suivez toute l\u2019actualit\u00e9 de vos villes et m\u00e9dias favoris en vous inscrivant \u00e0 <a href=\"https:\/\/moncompte.actu.fr\" title=\"D\u00e9couvez Mon Actu\" rel=\"nofollow noopener\" data-trk=\"{&quot;cta&quot;:{&quot;action&quot;:&quot;https:\\\/\\\/moncompte.actu.fr&quot;,&quot;category&quot;:&quot;mon compte&quot;,&quot;from&quot;:&quot;article footer&quot;,&quot;name&quot;:&quot;Mon actu&quot;,&quot;type&quot;:&quot;cta&quot;}}\" target=\"_blank\">Mon Actu<\/a>.<\/p>\n","protected":false},"excerpt":{"rendered":"Par Guillaume Laurens Publi\u00e9 le 30 avr. 2025 \u00e0 8h45 Le satellite Biomass, construit par\u00a0Airbus, a \u00e9t\u00e9 mis&hellip;\n","protected":false},"author":2,"featured_media":63761,"comment_status":"","ping_status":"","sticky":false,"template":"","format":"standard","meta":{"footnotes":""},"categories":[2816],"tags":[1111,11,36,33,386,1777,674,5183,1011,27,12,2680,25,2312],"class_list":{"0":"post-63760","1":"post","2":"type-post","3":"status-publish","4":"format-standard","5":"has-post-thumbnail","7":"category-toulouse","8":"tag-actu","9":"tag-actualites","10":"tag-airbus","11":"tag-economie","12":"tag-espace","13":"tag-eu","14":"tag-europe","15":"tag-foret","16":"tag-fr","17":"tag-france","18":"tag-news","19":"tag-occitanie","20":"tag-republique-francaise","21":"tag-toulouse"},"share_on_mastodon":{"url":"https:\/\/pubeurope.com\/@fr\/114425644023561185","error":""},"_links":{"self":[{"href":"https:\/\/www.europesays.com\/fr\/wp-json\/wp\/v2\/posts\/63760","targetHints":{"allow":["GET"]}}],"collection":[{"href":"https:\/\/www.europesays.com\/fr\/wp-json\/wp\/v2\/posts"}],"about":[{"href":"https:\/\/www.europesays.com\/fr\/wp-json\/wp\/v2\/types\/post"}],"author":[{"embeddable":true,"href":"https:\/\/www.europesays.com\/fr\/wp-json\/wp\/v2\/users\/2"}],"replies":[{"embeddable":true,"href":"https:\/\/www.europesays.com\/fr\/wp-json\/wp\/v2\/comments?post=63760"}],"version-history":[{"count":0,"href":"https:\/\/www.europesays.com\/fr\/wp-json\/wp\/v2\/posts\/63760\/revisions"}],"wp:featuredmedia":[{"embeddable":true,"href":"https:\/\/www.europesays.com\/fr\/wp-json\/wp\/v2\/media\/63761"}],"wp:attachment":[{"href":"https:\/\/www.europesays.com\/fr\/wp-json\/wp\/v2\/media?parent=63760"}],"wp:term":[{"taxonomy":"category","embeddable":true,"href":"https:\/\/www.europesays.com\/fr\/wp-json\/wp\/v2\/categories?post=63760"},{"taxonomy":"post_tag","embeddable":true,"href":"https:\/\/www.europesays.com\/fr\/wp-json\/wp\/v2\/tags?post=63760"}],"curies":[{"name":"wp","href":"https:\/\/api.w.org\/{rel}","templated":true}]}}