{"id":637601,"date":"2026-01-03T04:46:13","date_gmt":"2026-01-03T04:46:13","guid":{"rendered":"https:\/\/www.europesays.com\/fr\/637601\/"},"modified":"2026-01-03T04:46:13","modified_gmt":"2026-01-03T04:46:13","slug":"un-nouveau-poste-pour-david-louvet-actualite","status":"publish","type":"post","link":"https:\/\/www.europesays.com\/fr\/637601\/","title":{"rendered":"Un nouveau poste pour David Louvet &#8211; Actualit\u00e9"},"content":{"rendered":"<p>Apr\u00e8s avoir \u00e9t\u00e9 \u00e0 la t\u00eate de la s\u00e9lection rwandaise pendant deux ans et demi, David Louvet va retrouver un poste de Manager Technique Territorial (ex-CTR). Il officiera \u00e0 partir de ce lundi 5 janvier au sein du comit\u00e9 d\u2019\u00cele-de-France. Il avait occup\u00e9 pendant plus de 20 ans le m\u00eame poste en Normandie.\u00a0<\/p>\n<p>Pendant son passage au Rwanda, l&rsquo;ex-responsable du p\u00f4le espoir de Caen aura dirig\u00e9 la s\u00e9lection lors de plusieurs \u00e9v\u00e9nements internationaux dont les Jeux Olympiques de Paris en 2024 et le Championnat du Monde \u00e0 domicile, \u00e0 Kigali, l\u2019an pass\u00e9.<\/p>\n","protected":false},"excerpt":{"rendered":"Apr\u00e8s avoir \u00e9t\u00e9 \u00e0 la t\u00eate de la s\u00e9lection rwandaise pendant deux ans et demi, David Louvet va&hellip;\n","protected":false},"author":2,"featured_media":637602,"comment_status":"","ping_status":"","sticky":false,"template":"","format":"standard","meta":{"footnotes":""},"categories":[1411],"tags":[834,828,836,829,837,827,83,826,824,823,1154,207,814,817,815,816,822,821,832,211,839,1011,27,820,818,819,835,831,830,833,838,60,212,208,825],"class_list":{"0":"post-637601","1":"post","2":"type-post","3":"status-publish","4":"format-standard","5":"has-post-thumbnail","7":"category-cyclisme","8":"tag-attaque","9":"tag-belgique","10":"tag-braquet","11":"tag-bretagne","12":"tag-chute","13":"tag-competition","14":"tag-coupe-de-france","15":"tag-coureur","16":"tag-course-cyclisme","17":"tag-course-cycliste","18":"tag-cycling","19":"tag-cyclisme","20":"tag-direct","21":"tag-direct-velo","22":"tag-directvelo","23":"tag-directvelo-com","24":"tag-epreuve","25":"tag-epreuve-cycliste","26":"tag-federation-francaise-de-cyclisme","27":"tag-ffc","28":"tag-flandres","29":"tag-fr","30":"tag-france","31":"tag-live","32":"tag-live-course","33":"tag-live-epreuve","34":"tag-peloton","35":"tag-radio-peloton","36":"tag-radio-tour","37":"tag-ravitaillement","38":"tag-relance","39":"tag-sports","40":"tag-uci","41":"tag-velo","42":"tag-velos"},"share_on_mastodon":{"url":"https:\/\/pubeurope.com\/@fr\/115829354191382812","error":""},"_links":{"self":[{"href":"https:\/\/www.europesays.com\/fr\/wp-json\/wp\/v2\/posts\/637601","targetHints":{"allow":["GET"]}}],"collection":[{"href":"https:\/\/www.europesays.com\/fr\/wp-json\/wp\/v2\/posts"}],"about":[{"href":"https:\/\/www.europesays.com\/fr\/wp-json\/wp\/v2\/types\/post"}],"author":[{"embeddable":true,"href":"https:\/\/www.europesays.com\/fr\/wp-json\/wp\/v2\/users\/2"}],"replies":[{"embeddable":true,"href":"https:\/\/www.europesays.com\/fr\/wp-json\/wp\/v2\/comments?post=637601"}],"version-history":[{"count":0,"href":"https:\/\/www.europesays.com\/fr\/wp-json\/wp\/v2\/posts\/637601\/revisions"}],"wp:featuredmedia":[{"embeddable":true,"href":"https:\/\/www.europesays.com\/fr\/wp-json\/wp\/v2\/media\/637602"}],"wp:attachment":[{"href":"https:\/\/www.europesays.com\/fr\/wp-json\/wp\/v2\/media?parent=637601"}],"wp:term":[{"taxonomy":"category","embeddable":true,"href":"https:\/\/www.europesays.com\/fr\/wp-json\/wp\/v2\/categories?post=637601"},{"taxonomy":"post_tag","embeddable":true,"href":"https:\/\/www.europesays.com\/fr\/wp-json\/wp\/v2\/tags?post=637601"}],"curies":[{"name":"wp","href":"https:\/\/api.w.org\/{rel}","templated":true}]}}