{"id":637605,"date":"2026-01-03T04:48:10","date_gmt":"2026-01-03T04:48:10","guid":{"rendered":"https:\/\/www.europesays.com\/fr\/637605\/"},"modified":"2026-01-03T04:48:10","modified_gmt":"2026-01-03T04:48:10","slug":"michael-goldman-desarme-face-a-lucie-bernardoni-ca-me-meurtrit","status":"publish","type":"post","link":"https:\/\/www.europesays.com\/fr\/637605\/","title":{"rendered":"Michael Goldman d\u00e9sarm\u00e9 face \u00e0 Lucie Bernardoni : \u00ab\u00a0\u00c7a me meurtrit&#8230;\u00a0\u00bb"},"content":{"rendered":"<p>Un mot pour le d\u00e9crire : d\u00e9sarm\u00e9. Jeudi 1er janvier, \u00a0alors<br \/>\nque les \u00e9l\u00e8ves de la Star Academy ne sont plus que sept en lice,<br \/>\nils se pr\u00e9parent d\u2019arrache-pied. <a href=\"https:\/\/www.closermag.fr\/people\/star-academy-on-connait-enfin-le-salaire-des-professeurs-et-michael-goldman-va-faire-des-jaloux-3609136\" target=\"_blank\" rel=\"noopener\"><br \/>\nMichael Goldman est de tout coeur avec eux<\/a>. Il veut qu&rsquo;ils<br \/>\nbrillent pour <a href=\"https:\/\/www.telestar.fr\/tele_realite\/star-academy-michael-goldman-devoile-la-liste-des-trois-nommes-pour-le-prime-du-samedi-3-janvier-1749831\" data-mrf-link=\"https:\/\/www.telestar.fr\/tele_realite\/star-academy-michael-goldman-devoile-la-liste-des-trois-nommes-pour-le-prime-du-samedi-3-janvier-1749831\" target=\"_blank\" rel=\"noopener\"><br \/>\nle 200\u1d49 prime de l\u2019\u00e9mission.<\/a>Mais aussi qu&rsquo;ils se perfectionnent<br \/>\net commencent \u00e0 se professionnaliser.<\/p>\n<p>Pour cela, il leur a confi\u00e9 une mission de la plus haute<br \/>\nimportance : composer l&rsquo;hymne. Cet hymne sera <a href=\"https:\/\/www.closermag.fr\/people\/elle-recrache-au-sol-marine-pestiferee-la-tournee-de-la-star-academy-vire-au-pugilat-3539858\" target=\"_blank\" rel=\"noopener\"><br \/>\nchant\u00e9 lors de la tourn\u00e9e<\/a>. La mission n&rsquo;est donc pas des<br \/>\nmoindres pour <strong>Jeanne, Melissa, Ambre, Victor, Th\u00e9o P.,<br \/>\nBastiaan, L\u00e9a, Sarah et Anouk<\/strong>, candidats encore en lice.<br \/>\nD&rsquo;autant que le directeur a pr\u00e9venu : \u00ab\u00a0Dans le processus cr\u00e9atif, il faut absolument<br \/>\naccepter l\u2019id\u00e9e qu\u2019il y a des gens qui vont prendre le lead dans la<br \/>\ncompo, dans l\u2019\u00e9criture. Ce n\u2019est pas grave du tout. <strong>C\u2019est<br \/>\nnormal, c\u2019est naturel.<\/strong> C\u2019est comme \u00e7a. Il y en a pour qui<br \/>\nc\u2019est plus facile, plus simple\u00a0\u00bb.\u00a0<\/p>\n<p>Micha\u00ebl Goldman mal \u00e0 l&rsquo;aise face \u00e0 Lucie Bernardoni et Fanny<br \/>\nDelaigue<\/p>\n<p>Puisque certains sont novices, cette composition prendra<br \/>\npotentiellement du temps. C&rsquo;est pourquoi <a href=\"https:\/\/www.closermag.fr\/people\/jean-jacques-goldman-cest-lui-qui-ma-averti-ce-dernier-sms-lourd-de-sens-envoye-par-le-chanteur-a-michael-jones-3589140\" target=\"_blank\" rel=\"noopener\"><br \/>\nle fils de Jean-Jacques Goldman<\/a> a pris une d\u00e9cision \u00e0<br \/>\ncontrecoeur. Celle d&#8217;empi\u00e9ter sur le temps de travail des deux<br \/>\nr\u00e9p\u00e9titrices, <strong>Lucie Bernardoni et Fanny Delaigue<\/strong>.<br \/>\n\u00ab\u00a0Je viens de leur prendre une demi-heure. <strong>\u00c7a me<br \/>\nmeurtrit le c\u0153ur<\/strong> parce que je sais qu\u2019elles n\u2019ont pas<br \/>\nbeaucoup de temps, et vous non plus\u00a0\u00bb, s&rsquo;est-il excus\u00e9.<\/p>\n<p>Cette d\u00e9cision a au moins eu le m\u00e9rite de rassurer les \u00e9l\u00e8ves.<br \/>\nL\u00e9a, en particulier, avait montr\u00e9 son inqui\u00e9tude. \u00ab\u00a0On fait tout<br \/>\n\u00e7a apr\u00e8s le prime quand on n\u2019aura plus rien \u00e0 r\u00e9viser pour<br \/>\nl&rsquo;instant. <strong>Ah bah non, apr\u00e8s il y aura les<br \/>\n\u00e9valuations.<\/strong> On n&rsquo;aura jamais le temps\u00a0\u00bb, avait-elle<br \/>\ncraint au sujet des d\u00e9lais (tr\u00e8s) serr\u00e9s entre les cours, les<br \/>\n\u00e9valuations, et les primes.<\/p>\n<p>\u00c0 la Star Academy, \u00ab\u00a0franchement, le<br \/>\nrythme est vraiment dur\u00a0\u00bb<\/p>\n<p>Sortie de l&rsquo;aventure r\u00e9cemment, <a href=\"https:\/\/www.closermag.fr\/tv_tele_realite\/star-academy-me-le-redemander-cet-objet-subtilise-par-melissa-avant-son-elimination-3609710\" target=\"_blank\" rel=\"noopener\"><br \/>\nMelissa avait \u00e9galement point\u00e9 les conditions intenses<\/a> et<br \/>\n\u00e9prouvantes de l&rsquo;aventure. \u00ab\u00a0Franchement, le rythme est vraiment<br \/>\ndur. C&rsquo;est intense, \u00e7a ne s&rsquo;arr\u00eate jamais, on a toujours des trucs<br \/>\n\u00e0 faire\u00a0\u00bb, avait-elle soulign\u00e9 aupr\u00e8s d&rsquo;AlloCin\u00e9.<\/p>\n<p>\u00ab\u00a0Et encore \u00e7a va, car je ne suis pas quelqu&rsquo;un qui a besoin<br \/>\nde beaucoup de sommeil, mais par exemple, je sais qu&rsquo;Ambre et<br \/>\nAnouk, elles, <strong>ont besoin de plus d&rsquo;heures de sommeil donc<br \/>\nc&rsquo;est pire<\/strong>\u00ab\u00a0, ajoutait-elle. Entre nuits courtes et<br \/>\nnouveaux d\u00e9fis, ces derni\u00e8res trouvent-elles l&rsquo;\u00e9nergie de composer<br \/>\n?<\/p>\n","protected":false},"excerpt":{"rendered":"Un mot pour le d\u00e9crire : d\u00e9sarm\u00e9. Jeudi 1er janvier, \u00a0alors que les \u00e9l\u00e8ves de la Star Academy&hellip;\n","protected":false},"author":2,"featured_media":637606,"comment_status":"","ping_status":"","sticky":false,"template":"","format":"standard","meta":{"footnotes":""},"categories":[1359],"tags":[21303,58,59,1011,27,70426,973,5095,65861],"class_list":{"0":"post-637605","1":"post","2":"type-post","3":"status-publish","4":"format-standard","5":"has-post-thumbnail","7":"category-people","8":"tag-buzz_nonli","9":"tag-divertissement","10":"tag-entertainment","11":"tag-fr","12":"tag-france","13":"tag-marfeel_news","14":"tag-people","15":"tag-star-academy","16":"tag-trend"},"share_on_mastodon":{"url":"https:\/\/pubeurope.com\/@fr\/115829362097138868","error":""},"_links":{"self":[{"href":"https:\/\/www.europesays.com\/fr\/wp-json\/wp\/v2\/posts\/637605","targetHints":{"allow":["GET"]}}],"collection":[{"href":"https:\/\/www.europesays.com\/fr\/wp-json\/wp\/v2\/posts"}],"about":[{"href":"https:\/\/www.europesays.com\/fr\/wp-json\/wp\/v2\/types\/post"}],"author":[{"embeddable":true,"href":"https:\/\/www.europesays.com\/fr\/wp-json\/wp\/v2\/users\/2"}],"replies":[{"embeddable":true,"href":"https:\/\/www.europesays.com\/fr\/wp-json\/wp\/v2\/comments?post=637605"}],"version-history":[{"count":0,"href":"https:\/\/www.europesays.com\/fr\/wp-json\/wp\/v2\/posts\/637605\/revisions"}],"wp:featuredmedia":[{"embeddable":true,"href":"https:\/\/www.europesays.com\/fr\/wp-json\/wp\/v2\/media\/637606"}],"wp:attachment":[{"href":"https:\/\/www.europesays.com\/fr\/wp-json\/wp\/v2\/media?parent=637605"}],"wp:term":[{"taxonomy":"category","embeddable":true,"href":"https:\/\/www.europesays.com\/fr\/wp-json\/wp\/v2\/categories?post=637605"},{"taxonomy":"post_tag","embeddable":true,"href":"https:\/\/www.europesays.com\/fr\/wp-json\/wp\/v2\/tags?post=637605"}],"curies":[{"name":"wp","href":"https:\/\/api.w.org\/{rel}","templated":true}]}}