{"id":637607,"date":"2026-01-03T04:49:36","date_gmt":"2026-01-03T04:49:36","guid":{"rendered":"https:\/\/www.europesays.com\/fr\/637607\/"},"modified":"2026-01-03T04:49:36","modified_gmt":"2026-01-03T04:49:36","slug":"racontez-laventure-en-images-et-boostez-vos-photos-avec-alpine-au-salon-de-lescalade-de-paris-alpine-mag","status":"publish","type":"post","link":"https:\/\/www.europesays.com\/fr\/637607\/","title":{"rendered":"racontez l\u2019aventure en images et boostez vos photos avec Alpine au Salon de l\u2019escalade de Paris \u2013 Alpine Mag"},"content":{"rendered":"<p>Photographier la montagne, ce n\u2019est pas seulement cadrer une paroi, figer un geste ou capter la lumi\u00e8re. C\u2019est aussi raconter une histoire, parfois \u00e9pique, parfois intime, o\u00f9 se m\u00ealent \u00e9motions, effort et imaginaire collectif.<\/p>\n<p data-start=\"279\" data-end=\"838\">Depuis de nombreuses ann\u00e9es, <a href=\"https:\/\/www.instagram.com\/jocelynchavy\/\" target=\"_blank\" rel=\"noopener\"><strong>Jocelyn Chavy <\/strong><\/a>et <a href=\"https:\/\/www.instagram.com\/ulysselef\/\" target=\"_blank\" rel=\"noopener\"><strong>Ulysse Lefebvre<\/strong><\/a>, photographes, vid\u00e9astes et <a href=\"https:\/\/alpinemag.fr\/la-redaction\/\" target=\"_blank\" rel=\"noopener\">co-r\u00e9dacteurs en chef<\/a> d\u2019Alpine Mag, explorent ces dimensions \u00e0 travers leurs reportages aux quatre coins du monde : Alpes, Himalaya, Groenland, Andes, Arctique, des falaises pour raconter l\u2019histoire d\u2019une grimpeuse hors-norme comme Julia Chanourdie, jusqu\u2019au sommet d\u2019un g\u00e9ant himalayen, le Nanga Parbat (8126 m), pour filmer l\u2019engagement d\u2019une alpiniste des 14\u00d78000, Sophie Lavaud ou photographier le travail des h\u00e9ros de l\u2019ombre de l\u2019Himalaya.<\/p>\n<p><strong>Deux masterclass pour penser et mieux photographier la montagne<\/strong><\/p>\n<p data-start=\"840\" data-end=\"1316\">Que ce soit aux c\u00f4t\u00e9s de grimpeurs anonymes ou en suivant les meilleurs de leur g\u00e9n\u00e9ration, le travail de Jocelyn et Ulysse m\u00eale exigence journalistique et regard sensible, factuel et point de vue. Et s\u2019il ne cherche pas seulement \u00e0 magnifier la performance, il questionne la mise en sc\u00e8ne, les codes visuels, la place de l\u2019aventure dans nos soci\u00e9t\u00e9s, et la mani\u00e8re dont les images fa\u00e7onnent ou bousculent notre perception de la montagne.<\/p>\n<p data-start=\"1731\" data-end=\"1984\">C\u2019est cet esprit, \u00e0 la fois journalistique, esth\u00e9tique et pratique qu\u2019ils partageront \u00e0 travers ces deux masterclass compl\u00e9mentaires, ouvertes \u00e0 tous, d\u00e9butants ou confirm\u00e9s en photo et vid\u00e9o : l\u2019une pour interroger le r\u00e9cit derri\u00e8re les images, l\u2019autre pour apprendre \u00e0 mieux les construire, appareil en main. Inscrivez-vous vite !<\/p>\n<p><script async src=\"\/\/www.instagram.com\/embed.js\"><\/script><\/p>\n","protected":false},"excerpt":{"rendered":"Photographier la montagne, ce n\u2019est pas seulement cadrer une paroi, figer un geste ou capter la lumi\u00e8re. C\u2019est&hellip;\n","protected":false},"author":2,"featured_media":637608,"comment_status":"","ping_status":"","sticky":false,"template":"","format":"standard","meta":{"footnotes":""},"categories":[1358],"tags":[1348,1384,1385,1386,58,59,1011,27],"class_list":{"0":"post-637607","1":"post","2":"type-post","3":"status-publish","4":"format-standard","5":"has-post-thumbnail","7":"category-arts-et-design","8":"tag-arts","9":"tag-arts-and-design","10":"tag-arts-et-design","11":"tag-design","12":"tag-divertissement","13":"tag-entertainment","14":"tag-fr","15":"tag-france"},"share_on_mastodon":{"url":"https:\/\/pubeurope.com\/@fr\/115829365999544505","error":""},"_links":{"self":[{"href":"https:\/\/www.europesays.com\/fr\/wp-json\/wp\/v2\/posts\/637607","targetHints":{"allow":["GET"]}}],"collection":[{"href":"https:\/\/www.europesays.com\/fr\/wp-json\/wp\/v2\/posts"}],"about":[{"href":"https:\/\/www.europesays.com\/fr\/wp-json\/wp\/v2\/types\/post"}],"author":[{"embeddable":true,"href":"https:\/\/www.europesays.com\/fr\/wp-json\/wp\/v2\/users\/2"}],"replies":[{"embeddable":true,"href":"https:\/\/www.europesays.com\/fr\/wp-json\/wp\/v2\/comments?post=637607"}],"version-history":[{"count":0,"href":"https:\/\/www.europesays.com\/fr\/wp-json\/wp\/v2\/posts\/637607\/revisions"}],"wp:featuredmedia":[{"embeddable":true,"href":"https:\/\/www.europesays.com\/fr\/wp-json\/wp\/v2\/media\/637608"}],"wp:attachment":[{"href":"https:\/\/www.europesays.com\/fr\/wp-json\/wp\/v2\/media?parent=637607"}],"wp:term":[{"taxonomy":"category","embeddable":true,"href":"https:\/\/www.europesays.com\/fr\/wp-json\/wp\/v2\/categories?post=637607"},{"taxonomy":"post_tag","embeddable":true,"href":"https:\/\/www.europesays.com\/fr\/wp-json\/wp\/v2\/tags?post=637607"}],"curies":[{"name":"wp","href":"https:\/\/api.w.org\/{rel}","templated":true}]}}