{"id":637612,"date":"2026-01-03T04:53:42","date_gmt":"2026-01-03T04:53:42","guid":{"rendered":"https:\/\/www.europesays.com\/fr\/637612\/"},"modified":"2026-01-03T04:53:42","modified_gmt":"2026-01-03T04:53:42","slug":"podcast-submersion-le-film-catastrophe-venu-de-coree-du-sud","status":"publish","type":"post","link":"https:\/\/www.europesays.com\/fr\/637612\/","title":{"rendered":"PODCAST \u2013 \u00ab\u00a0Submersion\u00a0\u00bb, le film catastrophe venu de Cor\u00e9e du Sud"},"content":{"rendered":"<p>\n                                                                    Publi\u00e9 le 02\/01\/2026 \u00e0 08:31<br \/>\n                                                                            , mis \u00e0 jour<\/p>\n<p>                                                                                                    \u00e0 15:33<\/p>\n<p>\n            Fr\u00e9d\u00e9ric Bonet\n    <\/p>\n<p class=\"article-full__chapo \">\n                                                                Aujourd\u2019hui dans \u00ab\u00a0Sur vos \u00e9crans\u00a0\u00bb, le podcast cin\u00e9\/s\u00e9ries de L\u2019Ind\u00e9pendant, on vous parle de \u00ab\u00a0Submersion\u00a0\u00bb sur Netflix, un film catastrophe cor\u00e9en avec une vague g\u00e9ante mais qui risque de laisser \u00e0 quai bon nombre de spectateurs. Le pitch, notre avis, sans spoilers.\n                            <\/p>\n<p>\u00a0<\/p>\n<p>\u00c9pisodes pr\u00e9c\u00e9dents de la chronique<\/p>\n<p>\u00a0<\/p>\n<p>\u00a0<\/p>\n<p>\u00ab\u00a0Sur vos \u00e9crans, l\u2019\u00e9mission cin\u00e9 s\u00e9ries de L\u2019Ind\u00e9pendant\u00a0\u00bb<\/p>\n","protected":false},"excerpt":{"rendered":"Publi\u00e9 le 02\/01\/2026 \u00e0 08:31 , mis \u00e0 jour \u00e0 15:33 Fr\u00e9d\u00e9ric Bonet Aujourd\u2019hui dans \u00ab\u00a0Sur vos \u00e9crans\u00a0\u00bb,&hellip;\n","protected":false},"author":2,"featured_media":637613,"comment_status":"","ping_status":"","sticky":false,"template":"","format":"standard","meta":{"footnotes":""},"categories":[1354],"tags":[58,59,1346,1011,27,1360,3725],"class_list":{"0":"post-637612","1":"post","2":"type-post","3":"status-publish","4":"format-standard","5":"has-post-thumbnail","7":"category-films","8":"tag-divertissement","9":"tag-entertainment","10":"tag-films","11":"tag-fr","12":"tag-france","13":"tag-movies","14":"tag-podcast"},"share_on_mastodon":{"url":"https:\/\/pubeurope.com\/@fr\/115829381715423977","error":""},"_links":{"self":[{"href":"https:\/\/www.europesays.com\/fr\/wp-json\/wp\/v2\/posts\/637612","targetHints":{"allow":["GET"]}}],"collection":[{"href":"https:\/\/www.europesays.com\/fr\/wp-json\/wp\/v2\/posts"}],"about":[{"href":"https:\/\/www.europesays.com\/fr\/wp-json\/wp\/v2\/types\/post"}],"author":[{"embeddable":true,"href":"https:\/\/www.europesays.com\/fr\/wp-json\/wp\/v2\/users\/2"}],"replies":[{"embeddable":true,"href":"https:\/\/www.europesays.com\/fr\/wp-json\/wp\/v2\/comments?post=637612"}],"version-history":[{"count":0,"href":"https:\/\/www.europesays.com\/fr\/wp-json\/wp\/v2\/posts\/637612\/revisions"}],"wp:featuredmedia":[{"embeddable":true,"href":"https:\/\/www.europesays.com\/fr\/wp-json\/wp\/v2\/media\/637613"}],"wp:attachment":[{"href":"https:\/\/www.europesays.com\/fr\/wp-json\/wp\/v2\/media?parent=637612"}],"wp:term":[{"taxonomy":"category","embeddable":true,"href":"https:\/\/www.europesays.com\/fr\/wp-json\/wp\/v2\/categories?post=637612"},{"taxonomy":"post_tag","embeddable":true,"href":"https:\/\/www.europesays.com\/fr\/wp-json\/wp\/v2\/tags?post=637612"}],"curies":[{"name":"wp","href":"https:\/\/api.w.org\/{rel}","templated":true}]}}