{"id":637617,"date":"2026-01-03T04:57:15","date_gmt":"2026-01-03T04:57:15","guid":{"rendered":"https:\/\/www.europesays.com\/fr\/637617\/"},"modified":"2026-01-03T04:57:15","modified_gmt":"2026-01-03T04:57:15","slug":"toujours-avec-un-iphone-11-pro-ou-un-iphone-8-plus-apple-a-une-tres-mauvaise-nouvelle-pour-vous","status":"publish","type":"post","link":"https:\/\/www.europesays.com\/fr\/637617\/","title":{"rendered":"Toujours avec un iPhone 11 Pro ou un iPhone 8 Plus\u00a0? Apple a une tr\u00e8s mauvaise nouvelle pour vous"},"content":{"rendered":"<p>En bref<\/p>\n<ul class=\"ed__lists ed__bdy__l\">\n<li>Apple classe d\u00e9sormais les iPhone 11 Pro et 8 Plus comme des produits anciens.<\/li>\n<li>Les r\u00e9parations officielles deviennent limit\u00e9es et d\u00e9pendent uniquement des stocks de pi\u00e8ces encore disponibles.<\/li>\n<li>Ces mod\u00e8les deviendront totalement obsol\u00e8tes dans deux ans, entra\u00eenant l\u2019arr\u00eat d\u00e9finitif des r\u00e9parations en Apple Store.<\/li>\n<\/ul>\n<p class=\"ed__a-p ed__bdy__l\">Du c\u00f4t\u00e9 de la r\u00e9parabilit\u00e9, Apple a une politique tr\u00e8s simple \u00e0 comprendre, avec une cat\u00e9gorisation des produits en \u201canciens\u201d ou \u201cobsol\u00e8tes\u201d <a href=\"https:\/\/www.lesnumeriques.com\/telephone-portable\/apple-classe-l-iphone-xs-comme-ancien-voici-les-consequences-pour-les-utilisateurs-n238175.html\" title=\"Apple classe l\u2019iPhone XS comme \u201cancien\u201d\u00a0: voici les cons\u00e9quences pour les utilisateurs\" target=\"_blank\" rel=\"noopener\">au bout de plusieurs ann\u00e9es<\/a>. Des mots lourds de sens, qui signent peu \u00e0 peu la fin des r\u00e9parations. D\u2019ailleurs, les iPhone 11 Pro et l\u2019iPhone 8 Plus (128 Go) en souffrent d\u00e9sormais. Voici ce qu\u2019il faut retenir \u00e0 ce sujet !<\/p>\n<p>La r\u00e9paration des iPhone 11 Pro et iPhone 8 Plus bient\u00f4t mise \u00e0 mal<\/p>\n<p class=\"ed__a-p ed__bdy__l\">C\u2019est act\u00e9, les iPhone 11 Pro\/Pro Max et la version 128 Go de l\u2019iPhone 8 Plus sont maintenant jug\u00e9s comme \u201canciens\u201d par <a href=\"https:\/\/www.lesnumeriques.com\/casque-realite-virtuelle\/c-est-definitivement-termine-pour-l-apple-vision-pro-le-casque-de-realite-mixte-n-a-convaincu-personne-n248886.html\" title=\"C&#039;est d\u00e9finitivement termin\u00e9 pour l&#039;Apple Vision Pro, le casque de r\u00e9alit\u00e9 mixte n&#039;a convaincu personne\" target=\"_blank\" rel=\"noopener\">Apple<\/a>. Cela arrive toujours apr\u00e8s cinq ans d\u2019arr\u00eat de la commercialisation d\u2019un produit, et signe des r\u00e9parations d\u00e9sormais limit\u00e9es aux pi\u00e8ces de rechange restantes en Apple Store et dans les centres de services agr\u00e9\u00e9s.<\/p>\n<p class=\"ed__a-p ed__bdy__l\">La liste s\u2019allonge aussi pour d\u2019autres produits, avec une cat\u00e9gorisation similaire pour les Apple Watch Series 5 et l\u2019iPad Air cellulaire. Du c\u00f4t\u00e9 des ordinateurs portables, le dernier MacBook Air avec processeur Intel, lanc\u00e9 en 2020, passe lui aussi en mode ancien.<\/p>\n<p class=\"ed__a-p ed__bdy__l\">Il est donc temps de faire les r\u00e9parations n\u00e9cessaires avant que les stocks ne se vident. Vous devriez envisager le changement de la batterie, de l\u2019\u00e9cran et de tout autre composant vieillissant ou endommag\u00e9, histoire de gagner encore quelques ann\u00e9es d\u2019utilisation confortable.<\/p>\n<p class=\"ed__a-p ed__bdy__l\">Deux ans apr\u00e8s avoir \u00e9t\u00e9 d\u00e9finis comme \u201canciens\u201d, Apple les placera sous la d\u00e9nomination \u201cobsol\u00e8te\u201d. \u00c0 ce stade, le support mat\u00e9riel est d\u00e9finitivement interrompu : aucune r\u00e9paration ne sera propos\u00e9e chez les r\u00e9parateurs officiels, d\u2019o\u00f9 l\u2019importance d\u2019effectuer vos derniers remplacements d\u00e8s maintenant pour prolonger la vie de votre appareil.<\/p>\n<p class=\"ed__a-p ed__bdy__l\">Pour information, <a href=\"https:\/\/www.lesnumeriques.com\/telephone-portable\/vous-avez-un-iphone-se-mauvaise-nouvelle-il-est-devenu-obsolete-pour-apple-n247444.html\" title=\"Vous avez un iPhone SE\u00a0? Mauvaise nouvelle, il est devenu \u201cobsol\u00e8te\u201d pour Apple\" target=\"_blank\" rel=\"noopener\">les derniers ayant subi cela<\/a> \u00e9taient notamment le premier iPhone SE et la seconde g\u00e9n\u00e9ration d\u2019iPad Pro de 12,9 pouces.<\/p>\n","protected":false},"excerpt":{"rendered":"En bref Apple classe d\u00e9sormais les iPhone 11 Pro et 8 Plus comme des produits anciens. Les r\u00e9parations&hellip;\n","protected":false},"author":2,"featured_media":637618,"comment_status":"","ping_status":"","sticky":false,"template":"","format":"standard","meta":{"footnotes":""},"categories":[7],"tags":[1011,27,43,40,41,39,42,44],"class_list":{"0":"post-637617","1":"post","2":"type-post","3":"status-publish","4":"format-standard","5":"has-post-thumbnail","7":"category-sciences-et-technologies","8":"tag-fr","9":"tag-france","10":"tag-science","11":"tag-science-and-technology","12":"tag-sciences","13":"tag-sciences-et-technologies","14":"tag-technologies","15":"tag-technology"},"share_on_mastodon":{"url":"https:\/\/pubeurope.com\/@fr\/115829397476463744","error":""},"_links":{"self":[{"href":"https:\/\/www.europesays.com\/fr\/wp-json\/wp\/v2\/posts\/637617","targetHints":{"allow":["GET"]}}],"collection":[{"href":"https:\/\/www.europesays.com\/fr\/wp-json\/wp\/v2\/posts"}],"about":[{"href":"https:\/\/www.europesays.com\/fr\/wp-json\/wp\/v2\/types\/post"}],"author":[{"embeddable":true,"href":"https:\/\/www.europesays.com\/fr\/wp-json\/wp\/v2\/users\/2"}],"replies":[{"embeddable":true,"href":"https:\/\/www.europesays.com\/fr\/wp-json\/wp\/v2\/comments?post=637617"}],"version-history":[{"count":0,"href":"https:\/\/www.europesays.com\/fr\/wp-json\/wp\/v2\/posts\/637617\/revisions"}],"wp:featuredmedia":[{"embeddable":true,"href":"https:\/\/www.europesays.com\/fr\/wp-json\/wp\/v2\/media\/637618"}],"wp:attachment":[{"href":"https:\/\/www.europesays.com\/fr\/wp-json\/wp\/v2\/media?parent=637617"}],"wp:term":[{"taxonomy":"category","embeddable":true,"href":"https:\/\/www.europesays.com\/fr\/wp-json\/wp\/v2\/categories?post=637617"},{"taxonomy":"post_tag","embeddable":true,"href":"https:\/\/www.europesays.com\/fr\/wp-json\/wp\/v2\/tags?post=637617"}],"curies":[{"name":"wp","href":"https:\/\/api.w.org\/{rel}","templated":true}]}}