{"id":63762,"date":"2025-04-30T07:05:33","date_gmt":"2025-04-30T07:05:33","guid":{"rendered":"https:\/\/www.europesays.com\/fr\/63762\/"},"modified":"2025-04-30T07:05:33","modified_gmt":"2025-04-30T07:05:33","slug":"decor-dj-set-bar-a-cocktails-une-soiree-annees-2000-pres-de-lille-ce-mercredi","status":"publish","type":"post","link":"https:\/\/www.europesays.com\/fr\/63762\/","title":{"rendered":"D\u00e9cor, DJ set, bar \u00e0 cocktails\u2026 Une soir\u00e9e ann\u00e9es 2000 pr\u00e8s de Lille ce mercredi"},"content":{"rendered":"<p>            Par<br \/>\n        <strong><br \/>\n            <a href=\"https:\/\/actu.fr\/auteur\/amandine-vachez\" title=\"Consulter tous les articles de Amandine Vachez\" rel=\"nofollow noopener\" target=\"_blank\">Amandine Vachez<\/a><br \/>\n        <\/strong><\/p>\n<p>        Publi\u00e9 le<\/p>\n<p>            29 avr. 2025 \u00e0 8h22        <\/p>\n<p>C\u2019est devenu un<b> \u00e9v\u00e9nement incontournable<\/b> dans la <b>m\u00e9tropole de Lille<\/b> (Nord)\u2009: le Forest Event lance son premier temps fort de l\u2019ann\u00e9e, avec une <b>soir\u00e9e ann\u00e9es 2000, mercredi 30\u00a0avril 2025. <\/b>Elle se tiendra au<b> haras du Forest.<\/b> Trois DJ encha\u00eeneront les prestations dans un d\u00e9cor immersif in\u00e9dit pour replonger les participants de cette d\u00e9cennie\u2009!<\/p>\n<p>\u00ab\u2009Des performances enflamm\u00e9es et une ambiance survolt\u00e9e\u2009\u00bb<\/p>\n<p class=\" wall-content\">Plongez dans l\u2019univers color\u00e9 et d\u00e9cal\u00e9 des ann\u00e9es 2000, avec \u00ab\u2009une sc\u00e9nographie soign\u00e9e, des performances enflamm\u00e9es et une ambiance survolt\u00e9e port\u00e9e par nos danseuses\u2009\u00bb, annonce l\u2019organisation. Trois DJ lillois se chargeront de mettre l\u2019ambiance aux platines. BDWK, DML et TBH One remixeront les morceaux phares de la premi\u00e8re d\u00e9cennie du si\u00e8cle, dans un style house \u00ab\u2009qui fera danser les participants jusqu\u2019au\u00a0bout de la nuit.\u2009\u00bb<\/p>\n<p class=\" wall-content\">Un photographe sera pr\u00e9sent pour immortaliser les moments forts de la soir\u00e9e. Notez qu\u2019il y aura sur place \u00e0 boire (cocktails et bar \u00e0 shooters notamment) et \u00e0 manger. \u00ab\u2009Tout est pr\u00e9vu pour que chaque participant profite pleinement de l\u2019exp\u00e9rience\u2009!\u2009\u00bb, appuie l\u2019organisation.<\/p>\n<p class=\" wall-content\">La soir\u00e9e se tiendra le mercredi 30\u00a0avril 2025 d\u00e8s 20\u2009h et jusqu\u2019\u00e0 2\u2009h du matin, au haras du Forest (hameau du Forest) \u00e0 Bondues. Les places sont \u00e0 15,99\u00a0euros <a href=\"https:\/\/my.weezevent.com\/le-forest-a-bondues\" rel=\"nofollow noopener\" target=\"_blank\">en pr\u00e9vente en ligne<\/a> et seront \u00e0 20\u00a0euros sur place.<\/p>\n<p>Pour r\u00e9server vos places, <a href=\"https:\/\/my.weezevent.com\/le-forest-a-bondues\" rel=\"nofollow noopener\" target=\"_blank\">c\u2019est par ici<\/a>.Vid\u00e9os : en ce moment sur Actu<\/p>\n<p class=\" wall-content\">Suivez toute l\u2019actualit\u00e9 de vos villes et m\u00e9dias favoris en vous inscrivant \u00e0 <a href=\"https:\/\/moncompte.actu.fr\" title=\"D\u00e9couvez Mon Actu\" rel=\"nofollow noopener\" data-trk=\"{&quot;cta&quot;:{&quot;action&quot;:&quot;https:\\\/\\\/moncompte.actu.fr&quot;,&quot;category&quot;:&quot;mon compte&quot;,&quot;from&quot;:&quot;article footer&quot;,&quot;name&quot;:&quot;Mon actu&quot;,&quot;type&quot;:&quot;cta&quot;}}\" target=\"_blank\">Mon Actu<\/a>.<\/p>\n","protected":false},"excerpt":{"rendered":"Par Amandine Vachez Publi\u00e9 le 29 avr. 2025 \u00e0 8h22 C\u2019est devenu un \u00e9v\u00e9nement incontournable dans la m\u00e9tropole&hellip;\n","protected":false},"author":2,"featured_media":63763,"comment_status":"","ping_status":"","sticky":false,"template":"","format":"standard","meta":{"footnotes":""},"categories":[2815],"tags":[1111,11,1697,1777,674,1011,27,811,1307,1652,12,25],"class_list":{"0":"post-63762","1":"post","2":"type-post","3":"status-publish","4":"format-standard","5":"has-post-thumbnail","7":"category-lille","8":"tag-actu","9":"tag-actualites","10":"tag-concert","11":"tag-eu","12":"tag-europe","13":"tag-fr","14":"tag-france","15":"tag-hauts-de-france","16":"tag-lille","17":"tag-loisirs-culture","18":"tag-news","19":"tag-republique-francaise"},"share_on_mastodon":{"url":"https:\/\/pubeurope.com\/@fr\/114425647840144559","error":""},"_links":{"self":[{"href":"https:\/\/www.europesays.com\/fr\/wp-json\/wp\/v2\/posts\/63762","targetHints":{"allow":["GET"]}}],"collection":[{"href":"https:\/\/www.europesays.com\/fr\/wp-json\/wp\/v2\/posts"}],"about":[{"href":"https:\/\/www.europesays.com\/fr\/wp-json\/wp\/v2\/types\/post"}],"author":[{"embeddable":true,"href":"https:\/\/www.europesays.com\/fr\/wp-json\/wp\/v2\/users\/2"}],"replies":[{"embeddable":true,"href":"https:\/\/www.europesays.com\/fr\/wp-json\/wp\/v2\/comments?post=63762"}],"version-history":[{"count":0,"href":"https:\/\/www.europesays.com\/fr\/wp-json\/wp\/v2\/posts\/63762\/revisions"}],"wp:featuredmedia":[{"embeddable":true,"href":"https:\/\/www.europesays.com\/fr\/wp-json\/wp\/v2\/media\/63763"}],"wp:attachment":[{"href":"https:\/\/www.europesays.com\/fr\/wp-json\/wp\/v2\/media?parent=63762"}],"wp:term":[{"taxonomy":"category","embeddable":true,"href":"https:\/\/www.europesays.com\/fr\/wp-json\/wp\/v2\/categories?post=63762"},{"taxonomy":"post_tag","embeddable":true,"href":"https:\/\/www.europesays.com\/fr\/wp-json\/wp\/v2\/tags?post=63762"}],"curies":[{"name":"wp","href":"https:\/\/api.w.org\/{rel}","templated":true}]}}