{"id":637621,"date":"2026-01-03T04:59:18","date_gmt":"2026-01-03T04:59:18","guid":{"rendered":"https:\/\/www.europesays.com\/fr\/637621\/"},"modified":"2026-01-03T04:59:18","modified_gmt":"2026-01-03T04:59:18","slug":"apres-avoir-bombarde-les-separatistes-du-sud-decides-a-lancer-un-processus-vers-lindependance-larabie-saoudite-appelle-au-dialogue","status":"publish","type":"post","link":"https:\/\/www.europesays.com\/fr\/637621\/","title":{"rendered":"apr\u00e8s avoir bombard\u00e9 les s\u00e9paratistes du Sud d\u00e9cid\u00e9s \u00e0 lancer un processus vers l\u2019ind\u00e9pendance, l\u2019Arabie saoudite appelle au \u00ab\u00a0dialogue\u00a0\u00bb"},"content":{"rendered":"<p>                      <img loading=\"lazy\" decoding=\"async\" src=\"https:\/\/www.europesays.com\/fr\/wp-content\/uploads\/2026\/01\/cb2f972_ftp-1-wasyird9biqu-63c143a719d441ad8e2155443525f5b7-0-ec4a8ed3b1304a7ebe4c2dfd666ff7e8.jpg\" alt=\"Des soldats du Conseil de transition du Sud (STC), \u00e0 Aden, au Y\u00e9men, le 31\u00a0d\u00e9cembre 2025.\"   width=\"664\" height=\"443\"\/>    Des soldats du Conseil de transition du Sud (STC), \u00e0 Aden, au Y\u00e9men, le 31\u00a0d\u00e9cembre 2025.  AP                          <\/p>\n<p class=\"article__paragraph  \">Alors que les affrontements font rage entre les s\u00e9paratistes du Y\u00e9men et les autres membres de la coalition gouvernementale, l\u2019Arabie saoudite a invit\u00e9, samedi 3\u00a0janvier, \u00ab\u00a0toutes les factions du sud\u00a0\u00bb du Y\u00e9men \u00e0 un \u00ab\u00a0dialogue\u00a0\u00bb \u00e0 Riyad, et \u00ab\u00a0\u00e0 participer activement \u00e0 la conf\u00e9rence\u00a0\u00bb destin\u00e9e \u00e0 trouver \u00ab\u00a0des solutions justes (\u2026) qui satisferont les aspirations l\u00e9gitimes du peuple du Sud\u00a0\u00bb, selon un communiqu\u00e9 du minist\u00e8re des affaires \u00e9trang\u00e8res saoudien.<\/p>\n<p class=\"article__paragraph  \">Cette invitation, que Riyad a pr\u00e9cis\u00e9 avoir formul\u00e9e \u00e0 la demande du gouvernement y\u00e9m\u00e9nite, intervient juste apr\u00e8s des bombardements saoudiens meurtriers contre le mouvement s\u00e9paratiste.<\/p>\n<p class=\"article__paragraph  \">Ce dernier, baptis\u00e9 Conseil de transition du Sud (STC), avait annonc\u00e9, vendredi, engager un processus de deux ans pour \u00e9tablir un Etat dans le sud du pays le plus pauvre de la p\u00e9ninsule arabique, d\u00e9j\u00e0 d\u00e9vast\u00e9 par des ann\u00e9es de guerre. Le STC s\u2019est empar\u00e9 de vastes r\u00e9gions du Y\u00e9men ces derni\u00e8res semaines et a affirm\u00e9 son intention d\u2019y rester malgr\u00e9 les appels au retrait r\u00e9p\u00e9t\u00e9s de la part de Riyad.<\/p>\n<p class=\"article__paragraph  \">\u00ab\u00a0Partant du d\u00e9sir et de la volont\u00e9 de notre peuple du Sud de restaurer et proclamer son Etat (\u2026) nous annon\u00e7ons l\u2019entr\u00e9e dans une phase transitoire d\u2019une dur\u00e9e de deux ans\u00a0\u00bb, avait d\u00e9clar\u00e9 le pr\u00e9sident du STC, Aidroos Al-Zuba\u00efdi dans une d\u00e9claration t\u00e9l\u00e9vis\u00e9e. Une R\u00e9publique d\u00e9mocratique et populaire a \u00e9t\u00e9 ind\u00e9pendante entre 1967 et 1990 dans le sud du Y\u00e9men.<\/p>\n<p class=\"article__paragraph  \">Aidroos Al-Zuba\u00efdi avait aussi appel\u00e9 la communaut\u00e9 internationale \u00e0 parrainer un \u00ab\u00a0dialogue\u00a0\u00bb entre les diff\u00e9rentes parties, avertissant que le groupe d\u00e9clarerait \u00ab\u00a0imm\u00e9diatement\u00a0\u00bb l\u2019ind\u00e9pendance si l\u2019appel au dialogue n\u2019\u00e9tait pas entendu ou si le sud du Y\u00e9men \u00e9tait de nouveau l\u2019objet d\u2019\u00ab\u00a0agressions militaires\u00a0\u00bb.<\/p>\n<p class=\"article__paragraph  \">Le chef s\u00e9paratiste a affirm\u00e9 que la p\u00e9riode de transition comprendrait notamment l\u2019organisation d\u2019un r\u00e9f\u00e9rendum d\u2019autod\u00e9termination, alors qu\u2019une R\u00e9publique d\u00e9mocratique et populaire a \u00e9t\u00e9 ind\u00e9pendante entre 1967 et 1990 dans le sud du pays.<\/p>\n<p>                    Frappes saoudiennes                    <\/p>\n<p class=\"article__paragraph  \">Plus t\u00f4t dans la journ\u00e9e, le STC, soutenu par les Emirats arabes unis, a fait \u00e9tat aupr\u00e8s de l\u2019Agence France-Presse (AFP) de nouvelles frappes saoudiennes \u00e0 Al-Kasha sur ses troupes, faisant 20\u00a0morts parmi les membres de ses forces. Il s\u2019agit des premi\u00e8res pertes humaines inflig\u00e9es par Riyad, alli\u00e9 au gouvernement y\u00e9m\u00e9nite, au STC depuis que ce dernier a pris le contr\u00f4le en d\u00e9cembre de territoires dans la province riche en p\u00e9trole de Hadramaout, frontali\u00e8re de l\u2019Arabie, ainsi que dans la r\u00e9gion voisine de Mahra.<\/p>\n<p> Le Monde M\u00e9morable  <\/p>\n<p> <a href=\"https:\/\/www.lemonde.fr\/memorable\/?rfextension=inread\" class=\"inread__link js-services-inread-link\" target=\"_blank\" rel=\"noopener\">  <\/p>\n<p>Testez votre culture g\u00e9n\u00e9rale avec la r\u00e9daction du \u00ab Monde \u00bb<\/p>\n<p>Testez votre culture g\u00e9n\u00e9rale avec la r\u00e9daction du \u00ab Monde \u00bb<\/p>\n<p>D\u00e9couvrir<\/p>\n<p> <\/a>      <\/p>\n<p> Newsletter  <\/p>\n<p> <a href=\"https:\/\/www.lemonde.fr\/newsletters\/a-la-une\/\" class=\"inread__link js-services-inread-link\" target=\"_blank\" rel=\"noopener\">  <\/p>\n<p>\u00ab A la une \u00bb<\/p>\n<p>Chaque matin, parcourez l&rsquo;essentiel de l&rsquo;actualit\u00e9 du jour avec les derniers titres du \u00ab Monde \u00bb<\/p>\n<p>S&rsquo;inscrire<\/p>\n<p> <\/a>          <\/p>\n<p> Le Monde Application  <\/p>\n<p> <a href=\"https:\/\/lamatinale.onelink.me\/gKMy\/ahw2ubr3\" class=\"inread__link js-services-inread-link\" target=\"_blank\" rel=\"noopener\">  <\/p>\n<p>La Matinale du Monde<\/p>\n<p>Chaque matin, retrouvez notre s\u00e9lection de 20 articles \u00e0 ne pas manquer <\/p>\n<p>T\u00e9l\u00e9charger l&rsquo;application<\/p>\n<p> <\/a>      <\/p>\n<p> Newsletter abonn\u00e9s  <\/p>\n<p> <a href=\"https:\/\/www.lemonde.fr\/newsletters\/international\/\" class=\"inread__link js-services-inread-link\" target=\"_blank\" rel=\"noopener\">  <\/p>\n<p>\u00ab International \u00bb<\/p>\n<p>L\u2019essentiel de l\u2019actualit\u00e9 internationale de la semaine<\/p>\n<p>S&rsquo;inscrire<\/p>\n<p> <\/a>             <\/p>\n<p class=\"article__paragraph  \">Le chef du STC pour les r\u00e9gions de Wadi et du d\u00e9sert de Hadramaout, Mohammed Abdelmalek, a \u00e9galement fait \u00e9tat d\u2019une attaque au sol \u2212 repouss\u00e9e selon lui \u2212 par des \u00ab\u00a0milices\u00a0\u00bb islamistes et le groupe djihadiste Al-Qaida.<\/p>\n<p>                                       Lire aussi |  Article r\u00e9serv\u00e9 \u00e0 nos abonn\u00e9s  <a href=\"https:\/\/www.lemonde.fr\/international\/article\/2025\/12\/31\/le-yemen-terrain-d-affrontements-entre-les-emirats-arabes-unis-et-l-arabie-saoudite_6660155_3210.html\" class=\"js-article-read-also catcher--favoris__link\" data-premium=\"1\" id=\"article-title-3452854\" target=\"_blank\" rel=\"noopener\">Comment le Y\u00e9men est devenu un terrain d\u2019affrontements entre les Emirats arabes unis et l\u2019Arabie saoudite<\/a>    <\/p>\n<p>   Lire plus tard  <\/p>\n<p class=\"article__paragraph  \">L\u2019avanc\u00e9e s\u00e9paratiste a suscit\u00e9 la col\u00e8re des autres factions gouvernementales \u2013 le STC fait aussi partie de cette coalition \u2013 et de l\u2019Arabie saoudite, attisant les tensions avec les Emirats arabes unis. Abou Dhabi avait cependant affirm\u00e9 en fin d\u2019apr\u00e8s-midi \u00eatre d\u00e9termin\u00e9 \u00e0 \u0153uvrer \u00e0 une \u00ab\u00a0d\u00e9sescalade\u00a0\u00bb, disant notamment avoir retir\u00e9 ses derni\u00e8res forces du Y\u00e9men, o\u00f9 elles avaient \u00e9t\u00e9 d\u00e9ploy\u00e9es dans le cadre de la coalition.<\/p>\n<p>                    \u00ab\u00a0Mettre fin \u00e0 l\u2019escalade\u00a0\u00bb                    <\/p>\n<p class=\"article__paragraph  \">Le porte-parole militaire du STC, Mohamed Al-Naqib, a parl\u00e9 quant \u00e0 lui d\u2019une \u00ab\u00a0guerre existentielle\u00a0\u00bb. Une source au sein du STC a fait \u00e9tat de frappes contre une autre base et un a\u00e9roport \u00e0 Seyoun, une ville de l\u2019Hadramaout aux mains du mouvement. Des t\u00e9moins ont parl\u00e9 de combats dans le secteur.<\/p>\n<p>                               <img loading=\"lazy\" decoding=\"async\" src=\"https:\/\/www.europesays.com\/fr\/wp-content\/uploads\/2026\/01\/4c0aa5f_ftp-1-zspkjuo5zp4b-2026-01-02t181749z-32963326-rc26tiaslafb-rtrmadp-3-yemen-security-sayoun-.jpeg\" alt=\"Image pr\u00e9sum\u00e9e des frappes a\u00e9riennes saoudiennes contre des positions du Conseil de transition du Sud (STC), \u00e0 Seyoun, au Y\u00e9men, le 2\u00a0janvier\u00a02026.\"   width=\"664\" height=\"443\"\/>    Image pr\u00e9sum\u00e9e des frappes a\u00e9riennes saoudiennes contre des positions du Conseil de transition du Sud (STC), \u00e0 Seyoun, au Y\u00e9men, le 2\u00a0janvier\u00a02026.  UGC VIA REUTERS                                    <img loading=\"lazy\" decoding=\"async\" src=\"https:\/\/www.europesays.com\/fr\/wp-content\/uploads\/2026\/01\/4429ccc_ftp-1-6xo2eucppfe7-2026-01-02t181748z-1913498438-rc26tiaop23g-rtrmadp-3-yemen-security-sayou.jpeg\" alt=\"Image pr\u00e9sum\u00e9e des frappes a\u00e9riennes saoudiennes contre des positions du Conseil de transition du Sud (STC), \u00e0 Seyoun, au Y\u00e9men, le 2\u00a0janvier\u00a02026.\"   width=\"664\" height=\"443\"\/>    Image pr\u00e9sum\u00e9e des frappes a\u00e9riennes saoudiennes contre des positions du Conseil de transition du Sud (STC), \u00e0 Seyoun, au Y\u00e9men, le 2\u00a0janvier\u00a02026.  UGC VIA REUTERS                          <\/p>\n<p class=\"article__paragraph  \">Un peu plus t\u00f4t, le gouverneur de l\u2019Hadramout, Salem Al-Khanbashi, avait annonc\u00e9 une op\u00e9ration terrestre des forces gouvernementales soutenues par l\u2019Arabie visant \u00e0 prendre le contr\u00f4le de bases militaires dans la r\u00e9gion de l\u2019Hadramaout de \u00ab\u00a0mani\u00e8re pacifique\u00a0\u00bb.<\/p>\n<p class=\"article__paragraph  \">Des sources saoudiennes ont confirm\u00e9 que les premi\u00e8res frappes de vendredi avaient \u00e9t\u00e9 men\u00e9es par la coalition dirig\u00e9e par Riyad, initialement mise en place en\u00a02015 pour soutenir le gouvernement face aux rebelles houthistes, soutenus par l\u2019Iran, qui se sont empar\u00e9s de la capitale, Sanaa, en\u00a02014, puis de larges pans du nord du pays. Une tr\u00eave conclue en\u00a02022 est globalement respect\u00e9e dans ce conflit, qui a fait des centaines de milliers de morts, morcel\u00e9 le pays et provoqu\u00e9 l\u2019une des pires crises humanitaires au monde.<\/p>\n<p>                                       Lire aussi |  Article r\u00e9serv\u00e9 \u00e0 nos abonn\u00e9s  <a href=\"https:\/\/www.lemonde.fr\/international\/article\/2025\/12\/12\/au-yemen-le-fragile-equilibre-du-gouvernement-mis-a-mal-par-la-poussee-des-separatistes-sudistes_6657100_3210.html\" class=\"js-article-read-also catcher--favoris__link\" data-premium=\"1\" id=\"article-title-3450853\" target=\"_blank\" rel=\"noopener\">Au Y\u00e9men, le fragile \u00e9quilibre du gouvernement mis \u00e0 mal par la pouss\u00e9e des s\u00e9paratistes sudistes<\/a>    <\/p>\n<p>   Lire plus tard  <\/p>\n<p class=\"author__detail\">  Le Monde avec AFP  <\/p>\n<p>                <a href=\"https:\/\/www.lemonde.fr\/syndication\/\" class=\"reuse__content\" title=\"R\u00e9utiliser ce contenu\" target=\"_blank\" rel=\"noopener\">R\u00e9utiliser ce contenu<\/a>      <\/p>\n","protected":false},"excerpt":{"rendered":"Des soldats du Conseil de transition du Sud (STC), \u00e0 Aden, au Y\u00e9men, le 31\u00a0d\u00e9cembre 2025. AP Alors&hellip;\n","protected":false},"author":2,"featured_media":633727,"comment_status":"","ping_status":"","sticky":false,"template":"","format":"standard","meta":{"footnotes":""},"categories":[5],"tags":[11,1011,27,14,12,28],"class_list":{"0":"post-637621","1":"post","2":"type-post","3":"status-publish","4":"format-standard","5":"has-post-thumbnail","7":"category-international","8":"tag-actualites","9":"tag-fr","10":"tag-france","11":"tag-international","12":"tag-news","13":"tag-world"},"share_on_mastodon":{"url":"https:\/\/pubeurope.com\/@fr\/115829405459138771","error":""},"_links":{"self":[{"href":"https:\/\/www.europesays.com\/fr\/wp-json\/wp\/v2\/posts\/637621","targetHints":{"allow":["GET"]}}],"collection":[{"href":"https:\/\/www.europesays.com\/fr\/wp-json\/wp\/v2\/posts"}],"about":[{"href":"https:\/\/www.europesays.com\/fr\/wp-json\/wp\/v2\/types\/post"}],"author":[{"embeddable":true,"href":"https:\/\/www.europesays.com\/fr\/wp-json\/wp\/v2\/users\/2"}],"replies":[{"embeddable":true,"href":"https:\/\/www.europesays.com\/fr\/wp-json\/wp\/v2\/comments?post=637621"}],"version-history":[{"count":0,"href":"https:\/\/www.europesays.com\/fr\/wp-json\/wp\/v2\/posts\/637621\/revisions"}],"wp:featuredmedia":[{"embeddable":true,"href":"https:\/\/www.europesays.com\/fr\/wp-json\/wp\/v2\/media\/633727"}],"wp:attachment":[{"href":"https:\/\/www.europesays.com\/fr\/wp-json\/wp\/v2\/media?parent=637621"}],"wp:term":[{"taxonomy":"category","embeddable":true,"href":"https:\/\/www.europesays.com\/fr\/wp-json\/wp\/v2\/categories?post=637621"},{"taxonomy":"post_tag","embeddable":true,"href":"https:\/\/www.europesays.com\/fr\/wp-json\/wp\/v2\/tags?post=637621"}],"curies":[{"name":"wp","href":"https:\/\/api.w.org\/{rel}","templated":true}]}}