{"id":637629,"date":"2026-01-03T05:08:16","date_gmt":"2026-01-03T05:08:16","guid":{"rendered":"https:\/\/www.europesays.com\/fr\/637629\/"},"modified":"2026-01-03T05:08:16","modified_gmt":"2026-01-03T05:08:16","slug":"la-garde-le-salon-de-la-collection-20eme-edition-2","status":"publish","type":"post","link":"https:\/\/www.europesays.com\/fr\/637629\/","title":{"rendered":"La Garde : Le Salon de la Collection 20\u00e8me \u00e9dition"},"content":{"rendered":"<p>        <a href=\"https:\/\/www.europesays.com\/fr\/wp-content\/uploads\/2026\/01\/abribus-salon-collection-light.jpg\" data-caption=\"\"><img loading=\"lazy\" decoding=\"async\" width=\"672\" height=\"992\" class=\"entry-thumb td-modal-image\" src=\"https:\/\/www.europesays.com\/fr\/wp-content\/uploads\/2026\/01\/abribus-salon-collection-light.jpg\"   alt=\"\" title=\"abribus salon collection light\"\/><\/a><\/p>\n<p>Le 20\u00e8me salon de la collection ouvre ses portes en accueillant une centaine d\u2019exposants professionnels et amateurs pour satisfaire les nombreux collectionneurs de plus en plus nombreux de la r\u00e9gion.<\/p>\n<p><a href=\"https:\/\/www.tv83.info\/wp-content\/uploads\/2025\/11\/DSC_3790.jpg\" target=\"_blank\" rel=\"noopener\"><img fetchpriority=\"high\" decoding=\"async\" class=\"size-medium wp-image-96946 alignleft\" src=\"https:\/\/www.europesays.com\/fr\/wp-content\/uploads\/2025\/12\/DSC_3790-199x300.jpg\" alt=\"\" width=\"199\" height=\"300\"  \/><\/a>Quand collection rime avec passion\u2026 Pour tous les collectionneurs et ceux qui le deviendront, la ville de la Garde ouvre son 20eme salon de la collection. 100 marchands professionnels et amateurs venus essentiellement de la r\u00e9gion PACA, mais aussi de Paris, Nice, Marseille tiendront des stands et exposeront le fruit de leurs longues et patientes recherches. Le public pourra ainsi acheter, \u00e9changer, \u00e9valuer, comparer, discuter et faire expertiser leurs tr\u00e9sors, l\u2019occasion de d\u00e9nicher les pi\u00e8ces que vous recherchez ou dont vous ignorez m\u00eame l\u2019existence.<\/p>\n<p>Un fran\u00e7ais sur quatre est un collectionneur. Que l\u2019on accumule les pi\u00e8ces de monnaie, les timbres, les cartes postales, les poup\u00e9es ou encore les voitures miniatures, c\u2019est la passion de la collection qui nous pousse \u00e0 rechercher des pi\u00e8ces rares et \u00e0 les conserver pr\u00e9cieusement.<\/p>\n<p>Des recherches stimulantes et sans fin.<br \/>Chercher encore et toujours de nouvelles pi\u00e8ces pour compl\u00e9ter son tr\u00e9sor personnel est un moyen de pimenter son quotidien. Les collectionneurs connaissent tous cette excitation et ce plaisir de d\u00e9nicher des nouveaut\u00e9s, se lever aux aurores pour ne pas laisser filer la bonne affaire.<\/p>\n<p>Et si certains changent de sp\u00e9cialit\u00e9 et se mettent \u00e0 collectionner de nouveaux objets, ils n\u2019arr\u00eatent en fait jamais de collectionner. Si tel est votre cas, rassurez-vous : la collectionnite n\u2019est pas une maladie ! elle aurait m\u00eame des effets b\u00e9n\u00e9fiques sur le moral.<\/p>\n<p><a href=\"https:\/\/www.tv83.info\/wp-content\/uploads\/2025\/11\/DSC_7155.jpg\" target=\"_blank\" rel=\"noopener\"><img loading=\"lazy\" decoding=\"async\" class=\"size-medium wp-image-96945 alignright\" src=\"https:\/\/www.europesays.com\/fr\/wp-content\/uploads\/2025\/12\/DSC_7155-300x199.jpg\" alt=\"\" width=\"300\" height=\"199\"  \/><\/a>Quatre th\u00e8mes \u00e0 l\u2019honneur :<br \/>&gt; <strong>Vieux papiers <\/strong>:<br \/>cartes postales, revues, journaux , almanachs, dessins \u2026 affiches, autographes, photos\u2026<\/p>\n<p>&gt; <strong>Vieux disques<\/strong> :<br \/>vinyles de tout genre et de toutes les \u00e9poques, qu\u2019ils soient au format 45 tours, 33 tours, super 45t, picture-disc, tous rendront hommage au rock\u2019n\u2019roll, \u00e0 la pop, au disco et \u00e0 toutes autres formes de musiques. A d\u00e9couvrir \u00e9galement des affiches d\u2019artistes, des DVD, des K7 vid\u00e9o, des partitions\u2026<\/p>\n<p>&gt; <strong>Vieux jouets<\/strong> :<br \/>De quoi retomber en enfance en retrouvant ces jouets inoubliables comme les ours en peluche, les voitures miniatures, les fameuses poup\u00e9es Barbie et autres baigneurs en cellulo\u00efd. Les plus jeunes retrouveront les h\u00e9ros des plus grands films de science-fiction et des dessins anim\u00e9s des ann\u00e9es 80.<\/p>\n<p>&gt; <strong>Objets de pub<\/strong>.<br \/>Un petit d\u00e9tour chez l\u2019\u00e9picier ou au bistrot du coin avec les plus grandes marques d\u00e9clin\u00e9es en mille et un supports : cendriers, plaques \u00e9maill\u00e9es, cartonnages, pichets etc.<\/p>\n<p>Quel que soit le th\u00e8me abord\u00e9, tous ces objets et leurs histoires repr\u00e9sentent une v\u00e9ritable passion pour beaucoup d\u2019entre nous.<br \/>Ce Salon de la Collection sera l\u2019occasion pour vous de trouver l\u2019introuvable et de satisfaire votre soif de curiosit\u00e9s. Un rendez-vous entre des collectionneurs et des amateurs \u00e0 la recherche d\u2019une bonne affaire.<\/p>\n<p><strong>Dimanche 25 janvier 2026<\/strong><br \/>Salle G\u00e9rard Philipe, avenue Charles Sandro, de 9h \u00e0 18h non stop.<\/p>\n<p>Contacts 04 94 08 99 18 ou ddurand@ville-lagarde.fr<br \/>Entr\u00e9es et parking gratuits.<br \/>Buvette et restauration sur place.<\/p>\n<p><a href=\"https:\/\/www.restosducoeur.org\/associations-departementales\/les-restos-du-coeur-du-var\/\" target=\"_blank\" rel=\"noopener\"><img decoding=\"async\" style=\"height:70px;width:140px\" src=\"https:\/\/www.europesays.com\/fr\/wp-content\/uploads\/2025\/04\/restos-du-coeur.jpg\"\/><\/a>        <\/p>\n","protected":false},"excerpt":{"rendered":"Le 20\u00e8me salon de la collection ouvre ses portes en accueillant une centaine d\u2019exposants professionnels et amateurs pour&hellip;\n","protected":false},"author":2,"featured_media":637630,"comment_status":"","ping_status":"","sticky":false,"template":"","format":"standard","meta":{"footnotes":""},"categories":[9619],"tags":[1111,11,1777,674,1011,27,12,882,25,2310],"class_list":{"0":"post-637629","1":"post","2":"type-post","3":"status-publish","4":"format-standard","5":"has-post-thumbnail","7":"category-toulon","8":"tag-actu","9":"tag-actualites","10":"tag-eu","11":"tag-europe","12":"tag-fr","13":"tag-france","14":"tag-news","15":"tag-provence-alpes-cote-dazur","16":"tag-republique-francaise","17":"tag-toulon"},"share_on_mastodon":{"url":"https:\/\/pubeurope.com\/@fr\/115829440900884207","error":""},"_links":{"self":[{"href":"https:\/\/www.europesays.com\/fr\/wp-json\/wp\/v2\/posts\/637629","targetHints":{"allow":["GET"]}}],"collection":[{"href":"https:\/\/www.europesays.com\/fr\/wp-json\/wp\/v2\/posts"}],"about":[{"href":"https:\/\/www.europesays.com\/fr\/wp-json\/wp\/v2\/types\/post"}],"author":[{"embeddable":true,"href":"https:\/\/www.europesays.com\/fr\/wp-json\/wp\/v2\/users\/2"}],"replies":[{"embeddable":true,"href":"https:\/\/www.europesays.com\/fr\/wp-json\/wp\/v2\/comments?post=637629"}],"version-history":[{"count":0,"href":"https:\/\/www.europesays.com\/fr\/wp-json\/wp\/v2\/posts\/637629\/revisions"}],"wp:featuredmedia":[{"embeddable":true,"href":"https:\/\/www.europesays.com\/fr\/wp-json\/wp\/v2\/media\/637630"}],"wp:attachment":[{"href":"https:\/\/www.europesays.com\/fr\/wp-json\/wp\/v2\/media?parent=637629"}],"wp:term":[{"taxonomy":"category","embeddable":true,"href":"https:\/\/www.europesays.com\/fr\/wp-json\/wp\/v2\/categories?post=637629"},{"taxonomy":"post_tag","embeddable":true,"href":"https:\/\/www.europesays.com\/fr\/wp-json\/wp\/v2\/tags?post=637629"}],"curies":[{"name":"wp","href":"https:\/\/api.w.org\/{rel}","templated":true}]}}