{"id":637633,"date":"2026-01-03T05:15:34","date_gmt":"2026-01-03T05:15:34","guid":{"rendered":"https:\/\/www.europesays.com\/fr\/637633\/"},"modified":"2026-01-03T05:15:34","modified_gmt":"2026-01-03T05:15:34","slug":"on-veut-bien-demarrer-cette-annee","status":"publish","type":"post","link":"https:\/\/www.europesays.com\/fr\/637633\/","title":{"rendered":"on veut bien d\u00e9marrer cette ann\u00e9e"},"content":{"rendered":"<p>\t\t\t\t\t \u00ab\u00a02025 annus horribilis\u00a0\u00bb. Les Bastiais esp\u00e8rent tourner la page d\u2019une ann\u00e9e 2025 difficile. Dernier de Ligue 2 avec huit points, le Sporting Club de Bastia a v\u00e9cu une premi\u00e8re partie de saison marqu\u00e9e par de mauvais r\u00e9sultats sportifs et plusieurs \u00e9pisodes extra-sportifs venus compliquer la situation.  <\/p>\n<p data-end=\"695\" data-start=\"370\">Ce samedi, face \u00e0 Grenoble, actuel 11e du championnat, les joueurs bastiais n\u2019ont plus de marge. L\u2019objectif est clair : enclencher une dynamique de victoires. Avec 17 rencontres encore \u00e0 disputer, le SC Bastia devra en remporter une dizaine pour rester en course et esp\u00e9rer accrocher une place de barragiste en fin de saison. <\/p>\n<p>Le pr\u00e9sident Claude Ferrandi y croit, \u00e0 R\u00e9ginald Ray de le faire sur le terrain, en s\u2019appuyant sur ce qui a pu \u00eatre fait ces deux derniers mois : \u00ab Maintenir la dynamique, la tr\u00eave a permis de travailler sur ces aspects. \u00bb Objectif : \u00ab R\u00e9enclencher \u00e0 domicile, il faut impacter d\u00e8s demain. Il faut donner ce qu\u2019on a donn\u00e9 contre le Red Star pendant une heure. On est sur deux matchs o\u00f9 nous avons marqu\u00e9. Le match face \u00e0 Saint-\u00c9tienne a permis de donner des r\u00e9ponses. \u00bb <\/p>\n<p>Un entra\u00eeneur qui est suivi par son gardien, Johny Placide, qui a \u00e9galement assur\u00e9 la premi\u00e8re conf\u00e9rence de presse d\u2019avant-match de l\u2019ann\u00e9e. Si le portier bastiais a fait son mea culpa sur ses performances en premi\u00e8re partie de saison, il assure que sa s\u00e9lection en Coupe du monde avec l\u2019\u00e9quipe d\u2019Ha\u00efti lui a redonn\u00e9 de la confiance et de la force : \u00ab On veut bien d\u00e9marrer cette ann\u00e9e, apr\u00e8s une ann\u00e9e 2025 bien compliqu\u00e9e. Il peut y avoir une autre dynamique apr\u00e8s les tr\u00eaves, avec un mois de janvier tr\u00e8s important, avec de nombreux matchs \u00e0 domicile. \u00bb <\/p>\n<p>Car la cl\u00e9 du maintien des Bastiais en Ligue 2 passe par l\u00e0 : gagner l\u2019int\u00e9gralit\u00e9 des matchs \u00e0 Furiani. \u00ab On sait que le maintien va commencer par des victoires \u00e0 domicile. Le but est de perdre le moins possible, voire ne pas perdre \u00e0 domicile. Il faut montrer la tendance d\u00e8s demain \u00bb, rajoute Johny Placide. <\/p>\n<p>Si, pour ce premier match de l\u2019ann\u00e9e, R\u00e9ginald Ray assure que le travail a \u00e9t\u00e9 fait avec l\u2019effectif et que, face \u00e0 Grenoble, ses joueurs seront comp\u00e9titifs, le coach bastiais doit \u00e9galement faire face \u00e0 de nombreux bless\u00e9s et \u00e0 deux joueurs suspendus. L\u2019occasion pour lui d\u2019\u00e9voquer le mercato d\u2019hiver. Si l\u2019ambition est de faire signer cinq joueurs, la t\u00e2che n\u2019est pas aussi facile que cela pour le Sporting Club de Bastia : \u00ab La situation n\u2019a pas aid\u00e9 dans les contacts, en ce qui concerne notre attractivit\u00e9. Ce qui s\u2019est pass\u00e9 contre le Red Star ne nous aide pas non plus. Il faut des joueurs qui nous correspondent, dans la mentalit\u00e9 et dans la situation o\u00f9 l\u2019on est. On travaille depuis deux mois sur ces profils. Notre timing d\u2019urgence n\u2019est pas le timing des autres, mais dans tous les cas, des joueurs vont nous rejoindre \u00bb, conclut l\u2019entra\u00eeneur bastiais, qui ne devra rien l\u00e2cher durant cette seconde partie de saison pour \u00e9viter la rel\u00e9gation et remporter, disons les choses clairement, plus d\u2019un match sur deux. <\/p>\n<p><strong>Le groupe bastiais :<\/strong> <br \/>Placide, Olmeta, Meynadier, Bonhert, Roncaglia, Guevara, Janneh, Vincent, Petrignani, Sebas, Aiki, Boutrah, Zaouai, Beltaief,\u00a0 Karamoko, Tomi <br \/><strong>Bless\u00e9s :<\/strong> Parravicini, Dj\u00e9dj\u00e9, Bathily, Zilliox, Etoga <br \/><strong>Suspendus :<\/strong> Ducrocq et Arris <br \/>\u00a0 <\/p>\n","protected":false},"excerpt":{"rendered":"\u00ab\u00a02025 annus horribilis\u00a0\u00bb. Les Bastiais esp\u00e8rent tourner la page d\u2019une ann\u00e9e 2025 difficile. Dernier de Ligue 2 avec&hellip;\n","protected":false},"author":2,"featured_media":637634,"comment_status":"","ping_status":"","sticky":false,"template":"","format":"standard","meta":{"footnotes":""},"categories":[9566],"tags":[1111,11,5622,2430,5621,6777,5624,11049,2517,11050,11051,11052,1777,674,118,22338,63,1011,27,2731,74461,14914,2487,12,25,5628],"class_list":{"0":"post-637633","1":"post","2":"type-post","3":"status-publish","4":"format-standard","5":"has-post-thumbnail","7":"category-grenoble","8":"tag-actu","9":"tag-actualites","10":"tag-ajaccio","11":"tag-auvergne-rhone-alpes","12":"tag-bastia","13":"tag-bonjour","14":"tag-calvi","15":"tag-cni","16":"tag-corse","17":"tag-corse-net-infos","18":"tag-corsenetinfos","19":"tag-corsica","20":"tag-eu","21":"tag-europe","22":"tag-faits-divers","23":"tag-fc-grenoble","24":"tag-football","25":"tag-fr","26":"tag-france","27":"tag-grenoble","28":"tag-ligue-2-bk","29":"tag-lingua-corsa","30":"tag-meteo","31":"tag-news","32":"tag-republique-francaise","33":"tag-sc-bastia"},"share_on_mastodon":{"url":"https:\/\/pubeurope.com\/@fr\/115829468239855976","error":""},"_links":{"self":[{"href":"https:\/\/www.europesays.com\/fr\/wp-json\/wp\/v2\/posts\/637633","targetHints":{"allow":["GET"]}}],"collection":[{"href":"https:\/\/www.europesays.com\/fr\/wp-json\/wp\/v2\/posts"}],"about":[{"href":"https:\/\/www.europesays.com\/fr\/wp-json\/wp\/v2\/types\/post"}],"author":[{"embeddable":true,"href":"https:\/\/www.europesays.com\/fr\/wp-json\/wp\/v2\/users\/2"}],"replies":[{"embeddable":true,"href":"https:\/\/www.europesays.com\/fr\/wp-json\/wp\/v2\/comments?post=637633"}],"version-history":[{"count":0,"href":"https:\/\/www.europesays.com\/fr\/wp-json\/wp\/v2\/posts\/637633\/revisions"}],"wp:featuredmedia":[{"embeddable":true,"href":"https:\/\/www.europesays.com\/fr\/wp-json\/wp\/v2\/media\/637634"}],"wp:attachment":[{"href":"https:\/\/www.europesays.com\/fr\/wp-json\/wp\/v2\/media?parent=637633"}],"wp:term":[{"taxonomy":"category","embeddable":true,"href":"https:\/\/www.europesays.com\/fr\/wp-json\/wp\/v2\/categories?post=637633"},{"taxonomy":"post_tag","embeddable":true,"href":"https:\/\/www.europesays.com\/fr\/wp-json\/wp\/v2\/tags?post=637633"}],"curies":[{"name":"wp","href":"https:\/\/api.w.org\/{rel}","templated":true}]}}