{"id":637635,"date":"2026-01-03T05:17:54","date_gmt":"2026-01-03T05:17:54","guid":{"rendered":"https:\/\/www.europesays.com\/fr\/637635\/"},"modified":"2026-01-03T05:17:54","modified_gmt":"2026-01-03T05:17:54","slug":"stade-rennais-mercato-haise-a-offert-un-cador-a-beye-son-arrivee-a-rennes-anticipee","status":"publish","type":"post","link":"https:\/\/www.europesays.com\/fr\/637635\/","title":{"rendered":"Stade Rennais Mercato : Haise a offert un cador \u00e0 Beye, son arriv\u00e9e \u00e0 Rennes anticip\u00e9e ?"},"content":{"rendered":"<p><strong>Alexandre Pasquini, directeur du recrutement au Stade Rennais, fait un travail de l\u2019ombre discret mais tr\u00e8s efficace au sein du club breton. Merci Franck Haise !\u00a0<\/strong><\/p>\n<p>En ces temps de f\u00eate, <a href=\"https:\/\/www.butfootballclub.fr\/1637927-stade-rennais-mercato-lia-devoile-ses-recrues-ideales-pour-rennes\/\" target=\"_blank\" rel=\"noopener\">L\u2019\u00c9quipe<\/a> s\u2019est int\u00e9ress\u00e9 \u00e0 plusieurs hommes de l\u2019ombre qui travaillent en silence dans diff\u00e9rents clubs de Ligue 1. Parmi eux : Alexandre Pasquini.<\/p>\n<p>Ag\u00e9 de 39 ans, le directeur du recrutement au <a href=\"https:\/\/www.butfootballclub.fr\/1638072-stade-rennais-mercato-lepaul-un-courtisan-en-moins-grace-a-kalimuendo\/\" target=\"_blank\" rel=\"noopener\">Stade Rennais<\/a> a d\u00e9j\u00e0 bourlingu\u00e9 puisqu\u2019il est pass\u00e9 par Rouen, Lorient, Lens, Nice, puis donc Rennes. Il a commenc\u00e9 par ouvrir sa cha\u00eene YouTube sur la tactique pendant qu\u2019il s\u2019ennuyait en Staps. Une cha\u00eene qu\u2019il a rouvert en 2018 apr\u00e8s une rupture conventionnelle \u00e0 QRM et qui lui sert alors de CV pour arriver au RC Lens avec Florent Ghisolfi.\u00a0<\/p>\n<p>Pasquini, l\u2019homme de l\u2019ombre du Stade Rennais\u00a0<\/p>\n<p>Recrut\u00e9 par Lo\u00efc D\u00e9sir\u00e9, le directeur sportif du Stade Rennais, Pasquini est souvent d\u00e9crit comme quelqu\u2019un de tr\u00e8s discret. Le quotidien sportif nous apprend que Franck Haise, originaire de Rouen comme lui, a largement particip\u00e9 \u00e0 son \u00e9closion en le faisant monter avec les pros \u00e0 Lens, puis en le ramenant ensuite avec lui \u00e0 Nice comme analyste vid\u00e9o.\u00a0<\/p>\n<p>L\u2019opportunit\u00e9 d\u2019obtenir un poste \u00e0 responsabilit\u00e9 au recrutement a \u00e9t\u00e9 trop belle au Stade Rennais. \u00ab\u00a0Il est tr\u00e8s pointu sur les profils des joueurs, ce qu\u2019ils peuvent apporter tactiquement, d\u00e9veloppe D\u00e9sir\u00e9. Il peut aussi tr\u00e8s vite voir l\u2019\u00e9volution d\u2019un joueur d\u2019un poste \u00e0 l\u2019autre.\u00a0\u00bb <a href=\"https:\/\/www.butfootballclub.fr\/1637918-stade-rennais-encore-des-tensions-beye-toujours-en-danger\/\" target=\"_blank\" rel=\"noopener\">Habib Beye <\/a>s\u2019en frotte les mains m\u00eame s\u2019il sait que cette manoeuvre pourrait aussi \u00eatre un premier pas pour paver la voie \u00e0 une \u00e9ventuelle arriv\u00e9e d\u2019Haise \u00e0 sa place sur le banc rennais.<\/p>\n","protected":false},"excerpt":{"rendered":"Alexandre Pasquini, directeur du recrutement au Stade Rennais, fait un travail de l\u2019ombre discret mais tr\u00e8s efficace au&hellip;\n","protected":false},"author":2,"featured_media":637636,"comment_status":"","ping_status":"","sticky":false,"template":"","format":"standard","meta":{"footnotes":""},"categories":[2821],"tags":[1111,11,829,1777,674,1011,27,12,584,25],"class_list":{"0":"post-637635","1":"post","2":"type-post","3":"status-publish","4":"format-standard","5":"has-post-thumbnail","7":"category-rennes","8":"tag-actu","9":"tag-actualites","10":"tag-bretagne","11":"tag-eu","12":"tag-europe","13":"tag-fr","14":"tag-france","15":"tag-news","16":"tag-rennes","17":"tag-republique-francaise"},"share_on_mastodon":{"url":"https:\/\/pubeurope.com\/@fr\/115829479985504032","error":""},"_links":{"self":[{"href":"https:\/\/www.europesays.com\/fr\/wp-json\/wp\/v2\/posts\/637635","targetHints":{"allow":["GET"]}}],"collection":[{"href":"https:\/\/www.europesays.com\/fr\/wp-json\/wp\/v2\/posts"}],"about":[{"href":"https:\/\/www.europesays.com\/fr\/wp-json\/wp\/v2\/types\/post"}],"author":[{"embeddable":true,"href":"https:\/\/www.europesays.com\/fr\/wp-json\/wp\/v2\/users\/2"}],"replies":[{"embeddable":true,"href":"https:\/\/www.europesays.com\/fr\/wp-json\/wp\/v2\/comments?post=637635"}],"version-history":[{"count":0,"href":"https:\/\/www.europesays.com\/fr\/wp-json\/wp\/v2\/posts\/637635\/revisions"}],"wp:featuredmedia":[{"embeddable":true,"href":"https:\/\/www.europesays.com\/fr\/wp-json\/wp\/v2\/media\/637636"}],"wp:attachment":[{"href":"https:\/\/www.europesays.com\/fr\/wp-json\/wp\/v2\/media?parent=637635"}],"wp:term":[{"taxonomy":"category","embeddable":true,"href":"https:\/\/www.europesays.com\/fr\/wp-json\/wp\/v2\/categories?post=637635"},{"taxonomy":"post_tag","embeddable":true,"href":"https:\/\/www.europesays.com\/fr\/wp-json\/wp\/v2\/tags?post=637635"}],"curies":[{"name":"wp","href":"https:\/\/api.w.org\/{rel}","templated":true}]}}