{"id":637637,"date":"2026-01-03T05:19:17","date_gmt":"2026-01-03T05:19:17","guid":{"rendered":"https:\/\/www.europesays.com\/fr\/637637\/"},"modified":"2026-01-03T05:19:17","modified_gmt":"2026-01-03T05:19:17","slug":"a-strasbourg-la-librairie-kleber-ferme-ses-portes-et-demenage","status":"publish","type":"post","link":"https:\/\/www.europesays.com\/fr\/637637\/","title":{"rendered":"\u00e0 Strasbourg, la Librairie Kl\u00e9ber ferme ses portes et d\u00e9m\u00e9nage !"},"content":{"rendered":"<p>    <img loading=\"lazy\" width=\"1800\" height=\"900\" src=\"https:\/\/www.europesays.com\/fr\/wp-content\/uploads\/2025\/11\/jeanne-callthepolice.jpg\" class=\"attachment-full size-full\" alt=\"\" id=\"imageLove\" decoding=\"async\"  \/><\/p>\n<p id=\"breadcrumbs\"><a href=\"https:\/\/pokaa.fr\/\" target=\"_blank\" rel=\"noopener\">Accueil<\/a> \/ <a href=\"https:\/\/pokaa.fr\/categories\/actu\/\" target=\"_blank\" rel=\"noopener\">Info locale<\/a> \/ D\u00e9placer 190 000 livres : \u00e0 Strasbourg, la Librairie Kl\u00e9ber ferme ses portes et d\u00e9m\u00e9nage !<\/p>\n<p>                    Info locale<\/p>\n<p><b>Depuis le 1er janvier, la Librairie Kl\u00e9ber a ferm\u00e9 ses portes pour environ 11 mois de travaux. Elle va entamer une p\u00e9riode de d\u00e9m\u00e9nagement intense vers ses locaux \u00e9ph\u00e9m\u00e8res de l\u2019ancienne boutique d\u2019\u00e9lectrom\u00e9nager Boulanger, avant sa r\u00e9ouverture le 15 janvier. On vous explique.<\/b><\/p>\n<p class=\"p1\">C\u2019est le temps des travaux pour la Librairie Kl\u00e9ber. <b>L\u2019embl\u00e9matique institution de la place Kl\u00e9ber a ferm\u00e9 ses portes le 1er janvier<\/b>, afin d\u2019entamer une ambitieuse phase de r\u00e9novation et de restructuration, pour am\u00e9liorer la s\u00e9curit\u00e9 du b\u00e2timent et rendre la librairie plus attractive.<\/p>\n<p>                <a href=\"https:\/\/pokaa.fr\/2025\/11\/06\/strasbourg-en-travaux-voici-a-quoi-ressemblera-la-nouvelle-librairie-kleber-en-2027\/\" target=\"_blank\" rel=\"noopener\"><br \/>\n                    <img width=\"450\" height=\"270\" src=\"https:\/\/www.europesays.com\/fr\/wp-content\/uploads\/2026\/01\/kleber-vue3d1-c-satellite-paris-450x270.jpg\" class=\"attachment-card-horizontal--same-subject size-card-horizontal--same-subject wp-post-image\" alt=\"\" decoding=\"async\" loading=\"lazy\"\/>                <\/a><\/p>\n<p>Pour ne pas laisser ses client(e)s en plan, la Librairie Kl\u00e9ber a bien pr\u00e9vu de rester active durant cette ann\u00e9e 2026. <b>Pour cela, elle d\u00e9m\u00e9nage ses stocks dans les 1 400 m2 des anciens locaux de Boulanger, situ\u00e9s quelques m\u00e8tres plus loin, dans la rue du 22-Novembre<\/b>. Pour ouvrir un nouvel espace : Kl\u00e9ber \u00c9ph\u00e9m\u00e8re.<\/p>\n<p>    <img width=\"800\" height=\"600\" src=\"https:\/\/www.europesays.com\/fr\/wp-content\/uploads\/2025\/06\/img-7026-grande-800x600.jpeg\" class=\"attachment-image-size-L size-image-size-L\" alt=\"librairie kl\u00e9ber\" decoding=\"async\" loading=\"lazy\"  \/>         \u00a9 Nicolas Kaspar \/ Pokaa <\/p>\n<p>                <img width=\"667\" height=\"500\" src=\"https:\/\/www.europesays.com\/fr\/wp-content\/uploads\/2026\/01\/img-4999-667x500.jpeg\" class=\"attachment-gallery size-gallery\" alt=\"librairie Kl\u00e9ber\" data-full-url=\"https:\/\/pokaa.fr\/wp-content\/uploads\/2026\/01\/01\/img-4999.jpeg\" decoding=\"async\" loading=\"lazy\"  \/>            <\/p>\n<p>                <img width=\"667\" height=\"500\" src=\"https:\/\/www.europesays.com\/fr\/wp-content\/uploads\/2026\/01\/img-5003-667x500.jpeg\" class=\"attachment-gallery size-gallery\" alt=\"librairie Kl\u00e9ber\" data-full-url=\"https:\/\/pokaa.fr\/wp-content\/uploads\/2026\/01\/01\/img-5003.jpeg\" decoding=\"async\" loading=\"lazy\"  \/>            <\/p>\n<p>                    \u00a9 Anthony Jilli \/ Pokaa<\/p>\n<p>Deux semaines de d\u00e9m\u00e9nagement pour une r\u00e9ouverture le 15 janvier<\/p>\n<p class=\"p1\">Jusqu\u2019au 14 janvier, la Librairie Kl\u00e9ber sera donc compl\u00e8tement ferm\u00e9e. Durant cette p\u00e9riode, <b>toutes les commandes d\u00e9j\u00e0 r\u00e9gl\u00e9es seront \u00e0 r\u00e9cup\u00e9rer \u00e0 la librairie du Monde Entier, appartenant \u00e9galement \u00e0 Gallimard, situ\u00e9e sur la place Kl\u00e9ber<\/b>.<\/p>\n<p class=\"p1\"><b>Les \u00e9quipes de la Librairie Kl\u00e9ber r\u00e9alisent d\u2019abord un inventaire, avant d\u2019entamer le d\u00e9m\u00e9nagement des 190 000 volumes et 100 000 r\u00e9f\u00e9rences<\/b>. Il faudra faire attention aux rails de tram s\u00e9parant la place Kl\u00e9ber de la rue du 22-Novembre, une op\u00e9ration forc\u00e9ment minutieuse.<\/p>\n<p class=\"p1\"><b>Le 15 janvier \u00e0 partir de 9h, Kl\u00e9ber \u00c9ph\u00e9m\u00e8re devrait ouvrir ses portes, afin d\u2019accueillir les Strasbourgeois(es) dans son nouvel espace\u2026<\/b> Le temps que les travaux redonnent un petit coup de jeune \u00e0 la maison m\u00e8re, dont la r\u00e9ouverture est pr\u00e9vue avant le march\u00e9 de No\u00ebl 2026.<\/p>\n","protected":false},"excerpt":{"rendered":"Accueil \/ Info locale \/ D\u00e9placer 190 000 livres : \u00e0 Strasbourg, la Librairie Kl\u00e9ber ferme ses portes&hellip;\n","protected":false},"author":2,"featured_media":637638,"comment_status":"","ping_status":"","sticky":false,"template":"","format":"standard","meta":{"footnotes":""},"categories":[2820],"tags":[1111,11,1777,674,13407,1011,27,775,33675,12,25,640,58524],"class_list":{"0":"post-637637","1":"post","2":"type-post","3":"status-publish","4":"format-standard","5":"has-post-thumbnail","7":"category-strasbourg","8":"tag-actu","9":"tag-actualites","10":"tag-eu","11":"tag-europe","12":"tag-fermeture","13":"tag-fr","14":"tag-france","15":"tag-grand-est","16":"tag-librairie-kleber","17":"tag-news","18":"tag-republique-francaise","19":"tag-strasbourg","20":"tag-strasbourg-actualite"},"share_on_mastodon":{"url":"https:\/\/pubeurope.com\/@fr\/115829484202128929","error":""},"_links":{"self":[{"href":"https:\/\/www.europesays.com\/fr\/wp-json\/wp\/v2\/posts\/637637","targetHints":{"allow":["GET"]}}],"collection":[{"href":"https:\/\/www.europesays.com\/fr\/wp-json\/wp\/v2\/posts"}],"about":[{"href":"https:\/\/www.europesays.com\/fr\/wp-json\/wp\/v2\/types\/post"}],"author":[{"embeddable":true,"href":"https:\/\/www.europesays.com\/fr\/wp-json\/wp\/v2\/users\/2"}],"replies":[{"embeddable":true,"href":"https:\/\/www.europesays.com\/fr\/wp-json\/wp\/v2\/comments?post=637637"}],"version-history":[{"count":0,"href":"https:\/\/www.europesays.com\/fr\/wp-json\/wp\/v2\/posts\/637637\/revisions"}],"wp:featuredmedia":[{"embeddable":true,"href":"https:\/\/www.europesays.com\/fr\/wp-json\/wp\/v2\/media\/637638"}],"wp:attachment":[{"href":"https:\/\/www.europesays.com\/fr\/wp-json\/wp\/v2\/media?parent=637637"}],"wp:term":[{"taxonomy":"category","embeddable":true,"href":"https:\/\/www.europesays.com\/fr\/wp-json\/wp\/v2\/categories?post=637637"},{"taxonomy":"post_tag","embeddable":true,"href":"https:\/\/www.europesays.com\/fr\/wp-json\/wp\/v2\/tags?post=637637"}],"curies":[{"name":"wp","href":"https:\/\/api.w.org\/{rel}","templated":true}]}}