{"id":637639,"date":"2026-01-03T05:20:25","date_gmt":"2026-01-03T05:20:25","guid":{"rendered":"https:\/\/www.europesays.com\/fr\/637639\/"},"modified":"2026-01-03T05:20:25","modified_gmt":"2026-01-03T05:20:25","slug":"puel-on-a-besoin-de-se-lacher-dentreprendre-nice","status":"publish","type":"post","link":"https:\/\/www.europesays.com\/fr\/637639\/","title":{"rendered":"Puel\u00a0: \u00ab\u00a0On a besoin de se l\u00e2cher, d\u2019entreprendre\u00a0\u00bb | Nice"},"content":{"rendered":"<p>\n                    Nice &#8211; Strasbourg<\/p>\n<p class=\"accroche\">Avant la r\u00e9ception de Strasbourg (coup d&rsquo;envoi samedi \u00e0 19h), qui marquera son retour sur le banc du Gym, 10 ans apr\u00e8s, Claude Puel est pass\u00e9 en conf\u00e9rence de presse. Voici 5 d\u00e9clarations du coach avant cette 17\u00e8me journ\u00e9e de L1, o\u00f9 il s\u2019appr\u00eate \u00e0 diriger son 170\u00e8me match ni\u00e7ois.<\/p>\n<p>Quelles attentes pour ce Nice \u2013 Strasbourg\u00a0?<\/p>\n<p>\u00ab\u00a0Les pr\u00e9mices de ce qu\u2019on veut mettre en place. Il y a des points qui ont \u00e9t\u00e9 travaill\u00e9s, c\u2019est bien d\u2019y faire r\u00e9f\u00e9rence. Apr\u00e8s, dans le jeu, on a besoin de spontan\u00e9it\u00e9, de se l\u00e2cher, d\u2019entreprendre, de faire des choses. Tout ne sera pas parfait mais j\u2019aimerais voir pas mal de bonnes choses que j\u2019ai pu voir cette semaine \u00e0 l\u2019entra\u00eenement.\u00a0\u00bb<\/p>\n<p>Dans quel \u00e9tat psychologique se trouve le groupe\u00a0?<\/p>\n<p>\u00ab\u00a0Je l\u2019ai trouv\u00e9 bien, \u00e0 l\u2019\u00e9coute, attentif. Quand il y a une \u00e9volution, un changement de staff technique et d\u2019entra\u00eeneur, les joueurs sont plus concentr\u00e9s. Certains se disent peut-\u00eatre que les cartes vont \u00eatre redistribu\u00e9es. \u00c7a apporte quelque chose sur le court terme.\u00a0\u00bb<\/p>\n<p>Le discours tenu aux joueurs<\/p>\n<p>\u00ab\u00a0Les gars se parlent, il y a des \u00e9changes, c\u2019est bien. Quand on est sur un carr\u00e9 (vert), on a la chance de faire un m\u00e9tier extraordinaire. On peut \u00eatre perclus de probl\u00e8mes, de choses qui nous accaparent dans la vie de tous les jours, mais sur le terrain, \u00e0 l\u2019instant T, \u00e0 l\u2019entra\u00eenement, on est l\u00e0 pour s\u2019amuser. C\u2019est un m\u00e9tier que l\u2019on pratique en s\u2019amusant. Au-del\u00e0 de l\u2019\u00e9coute, de la r\u00e9ceptivit\u00e9, c\u2019\u00e9tait int\u00e9ressant de revoir des sourires.\u00a0\u00bb<\/p>\n<p>L\u2019arriv\u00e9e d\u2019Elye Wahi<\/p>\n<p>\u00ab\u00a0Il y avait un titre (dans la presse), c\u2019est quelque chose de \u00ab\u00a0gagnant &#8211; gagnant\u00a0\u00bb. Je trouve qu\u2019Elye a vraiment de belles qualit\u00e9s, il a des aptitudes. C\u2019est un joueur qui a perform\u00e9 \u00e0 un certain moment parce qu\u2019il y avait une spontan\u00e9it\u00e9, il d\u00e9butait et il a montr\u00e9 beaucoup de belles choses, des qualit\u00e9s extraordinaires et ces qualit\u00e9s, il les a toujours. Elye doit \u00eatre relanc\u00e9, encourag\u00e9, reprendre confiance, retravailler \u00e0 l\u2019entra\u00eenement, peaufiner son jeu. Quand un joueur comme lui a de telles qualit\u00e9s, il n\u2019y a pas de raison qu\u2019il ne revienne pas.\u00a0Il sera dans le groupe (samedi) mais ne d\u00e9butera pas. J\u2019esp\u00e8re qu\u2019il pourra avoir du temps de jeu et qu\u2019il pourra nous aider. Combien de temps, je n\u2019en sais rien. Mais c\u2019est bien de l\u2019avoir. \u00bb<\/p>\n<p>Strasbourg<\/p>\n<p>\u00ab\u00a0C\u2019est une \u00e9quipe qui a beaucoup de fra\u00eecheur. Ce sont de jeunes joueurs pleins d\u2019allant, de spontan\u00e9it\u00e9, qui proposent des choses int\u00e9ressantes sur le terrain. C\u2019est une \u00e9quipe dangereuse. \u00c0 nous de r\u00e9pondre bien pr\u00e9sent. Ils ont mis de tr\u00e8s gros moyens sur de tr\u00e8s jeunes joueurs. Ils montrent de belles choses et m\u00eame s\u2019ils ne sont pas toujours r\u00e9guliers, ce sont de joueurs avec beaucoup de qualit\u00e9s.\u00a0\u00bb<\/p>\n","protected":false},"excerpt":{"rendered":"Nice &#8211; Strasbourg Avant la r\u00e9ception de Strasbourg (coup d&rsquo;envoi samedi \u00e0 19h), qui marquera son retour sur&hellip;\n","protected":false},"author":2,"featured_media":637640,"comment_status":"","ping_status":"","sticky":false,"template":"","format":"standard","meta":{"footnotes":""},"categories":[2820],"tags":[1111,11,1777,674,1011,27,775,12,25,640],"class_list":{"0":"post-637639","1":"post","2":"type-post","3":"status-publish","4":"format-standard","5":"has-post-thumbnail","7":"category-strasbourg","8":"tag-actu","9":"tag-actualites","10":"tag-eu","11":"tag-europe","12":"tag-fr","13":"tag-france","14":"tag-grand-est","15":"tag-news","16":"tag-republique-francaise","17":"tag-strasbourg"},"share_on_mastodon":{"url":"https:\/\/pubeurope.com\/@fr\/115829487952520419","error":""},"_links":{"self":[{"href":"https:\/\/www.europesays.com\/fr\/wp-json\/wp\/v2\/posts\/637639","targetHints":{"allow":["GET"]}}],"collection":[{"href":"https:\/\/www.europesays.com\/fr\/wp-json\/wp\/v2\/posts"}],"about":[{"href":"https:\/\/www.europesays.com\/fr\/wp-json\/wp\/v2\/types\/post"}],"author":[{"embeddable":true,"href":"https:\/\/www.europesays.com\/fr\/wp-json\/wp\/v2\/users\/2"}],"replies":[{"embeddable":true,"href":"https:\/\/www.europesays.com\/fr\/wp-json\/wp\/v2\/comments?post=637639"}],"version-history":[{"count":0,"href":"https:\/\/www.europesays.com\/fr\/wp-json\/wp\/v2\/posts\/637639\/revisions"}],"wp:featuredmedia":[{"embeddable":true,"href":"https:\/\/www.europesays.com\/fr\/wp-json\/wp\/v2\/media\/637640"}],"wp:attachment":[{"href":"https:\/\/www.europesays.com\/fr\/wp-json\/wp\/v2\/media?parent=637639"}],"wp:term":[{"taxonomy":"category","embeddable":true,"href":"https:\/\/www.europesays.com\/fr\/wp-json\/wp\/v2\/categories?post=637639"},{"taxonomy":"post_tag","embeddable":true,"href":"https:\/\/www.europesays.com\/fr\/wp-json\/wp\/v2\/tags?post=637639"}],"curies":[{"name":"wp","href":"https:\/\/api.w.org\/{rel}","templated":true}]}}