{"id":637645,"date":"2026-01-03T05:24:37","date_gmt":"2026-01-03T05:24:37","guid":{"rendered":"https:\/\/www.europesays.com\/fr\/637645\/"},"modified":"2026-01-03T05:24:37","modified_gmt":"2026-01-03T05:24:37","slug":"nantes-poursuit-un-mercato-xxl-nouveaux-renforts-annonces","status":"publish","type":"post","link":"https:\/\/www.europesays.com\/fr\/637645\/","title":{"rendered":"Nantes poursuit un mercato XXL ! Nouveaux renforts annonc\u00e9s"},"content":{"rendered":"<p>Le FC Nantes est le club fran\u00e7ais le plus<br \/>\nactif depuis l&rsquo;entame du mercato d&rsquo;hiver.<\/p>\n<p>Avant-dernier de Ligue 1 apr\u00e8s une premi\u00e8re partie de saison<br \/>\nrat\u00e9e dans les grandes largeurs, <a href=\"https:\/\/www.football365.fr\/equipe\/nantes-46668.shtml\" target=\"_blank\" rel=\"noopener\"><strong>Nantes<\/strong><\/a><br \/>\na entam\u00e9 les grandes man\u0153uvres pour redresser la situation. Nomm\u00e9<br \/>\nfin d\u00e9cembre pour succ\u00e9der \u00e0 Luis Castro, Ahmed Kantari pourra<br \/>\ns\u2019appuyer sur un effectif beaucoup plus fourni, au moins sur le<br \/>\npapier.<\/p>\n<p>Nantes mise sur l\u2019exp\u00e9rience. L\u2019ancien Lensois Deiver Machado<br \/>\navait \u00e9t\u00e9 le premier \u00e0 poser ses valises sur les bords de<br \/>\nl\u2019Atlantique, courant d\u00e9cembre. Le premier nom d\u2019une liste de<br \/>\nrenforts rod\u00e9s aux joutes de la Ligue 1. Car Nantes a ensuite<br \/>\nobtenu le pr\u00eat de R\u00e9my Cabella en provenance de l\u2019Olympiakos Le<br \/>\nPir\u00e9e. Pass\u00e9 notamment par Montpellier, Saint-Etienne, Marseille ou<br \/>\nLille, l\u2019ex-international fran\u00e7ais devrait apporter toute sa vista<br \/>\n\u00e0 un groupe en d\u00e9ficit de cr\u00e9ativit\u00e9.<\/p>\n<p>Des recrues importantes encore esp\u00e9r\u00e9es<\/p>\n<p>Le mercato nantais ne s\u2019arr\u00eatera pas l\u00e0. Les Canaris prospectent<br \/>\nde l\u2019autre c\u00f4t\u00e9 des Alpes pour compl\u00e9ter leur groupe. L\u2019attaquant<br \/>\nZakaria Aboukhlal, qui a fait les beaux jours de Toulouse, est<br \/>\naussi annonc\u00e9 sous la forme d\u2019un pr\u00eat apr\u00e8s une premi\u00e8re partie de<br \/>\nsaison sous le maillot de Torino. Dans l\u2019entrejeu, les noms de<br \/>\nMohamed Kaba (ex-milieu de terrain de Valenciennes actuellement \u00e0<br \/>\nLecce) et d\u2019Ibrahima Sissoko (ancien milieu de terrain du Racing<br \/>\nClub de Strasbourg aujourd\u2019hui \u00e0 Bochum) ont aussi circul\u00e9. Tout<br \/>\ndevrait s\u2019acc\u00e9l\u00e9rer dans les prochaines heures.<\/p>\n<blockquote class=\"twitter-tweet\"><p><a class=\"twitter-link\" rel=\"noindex, nofollow noopener\" href=\"https:\/\/twitter.com\/FCNantes\/status\/2006742218871062769\" target=\"_blank\"><\/p><\/blockquote>\n<p><script async src=\"https:\/\/platform.twitter.com\/widgets.js\" charset=\"utf-8\"><\/script><\/p>\n","protected":false},"excerpt":{"rendered":"Le FC Nantes est le club fran\u00e7ais le plus actif depuis l&rsquo;entame du mercato d&rsquo;hiver. Avant-dernier de Ligue&hellip;\n","protected":false},"author":2,"featured_media":637646,"comment_status":"","ping_status":"","sticky":false,"template":"","format":"standard","meta":{"footnotes":""},"categories":[2818],"tags":[1111,11,1777,674,1011,27,766,12,2636,25],"class_list":{"0":"post-637645","1":"post","2":"type-post","3":"status-publish","4":"format-standard","5":"has-post-thumbnail","7":"category-nantes","8":"tag-actu","9":"tag-actualites","10":"tag-eu","11":"tag-europe","12":"tag-fr","13":"tag-france","14":"tag-nantes","15":"tag-news","16":"tag-pays-de-la-loire","17":"tag-republique-francaise"},"share_on_mastodon":{"url":"https:\/\/pubeurope.com\/@fr\/115829503587573331","error":""},"_links":{"self":[{"href":"https:\/\/www.europesays.com\/fr\/wp-json\/wp\/v2\/posts\/637645","targetHints":{"allow":["GET"]}}],"collection":[{"href":"https:\/\/www.europesays.com\/fr\/wp-json\/wp\/v2\/posts"}],"about":[{"href":"https:\/\/www.europesays.com\/fr\/wp-json\/wp\/v2\/types\/post"}],"author":[{"embeddable":true,"href":"https:\/\/www.europesays.com\/fr\/wp-json\/wp\/v2\/users\/2"}],"replies":[{"embeddable":true,"href":"https:\/\/www.europesays.com\/fr\/wp-json\/wp\/v2\/comments?post=637645"}],"version-history":[{"count":0,"href":"https:\/\/www.europesays.com\/fr\/wp-json\/wp\/v2\/posts\/637645\/revisions"}],"wp:featuredmedia":[{"embeddable":true,"href":"https:\/\/www.europesays.com\/fr\/wp-json\/wp\/v2\/media\/637646"}],"wp:attachment":[{"href":"https:\/\/www.europesays.com\/fr\/wp-json\/wp\/v2\/media?parent=637645"}],"wp:term":[{"taxonomy":"category","embeddable":true,"href":"https:\/\/www.europesays.com\/fr\/wp-json\/wp\/v2\/categories?post=637645"},{"taxonomy":"post_tag","embeddable":true,"href":"https:\/\/www.europesays.com\/fr\/wp-json\/wp\/v2\/tags?post=637645"}],"curies":[{"name":"wp","href":"https:\/\/api.w.org\/{rel}","templated":true}]}}