{"id":637647,"date":"2026-01-03T05:26:34","date_gmt":"2026-01-03T05:26:34","guid":{"rendered":"https:\/\/www.europesays.com\/fr\/637647\/"},"modified":"2026-01-03T05:26:34","modified_gmt":"2026-01-03T05:26:34","slug":"le-corps-dun-homme-de-20-ans-retrouve-dans-la-garonne-par-les-plongeurs-de-la-gendarmerie","status":"publish","type":"post","link":"https:\/\/www.europesays.com\/fr\/637647\/","title":{"rendered":"Le corps d&rsquo;un homme de 20 ans retrouv\u00e9 dans la Garonne par les plongeurs de la gendarmerie"},"content":{"rendered":"<p>Jeudi 1\u1d49\u02b3\u00a0janvier, sur les coups de 13h, le corps d&rsquo;un jeune homme de vingt ans a \u00e9t\u00e9 rep\u00each\u00e9 aux Bassins \u00e0 Flot \u00e0  Bordeaux en Gironde, par les plongeurs de la gendarmerie. Il avait chut\u00e9 dans la nuit du r\u00e9veillon du 31 d\u00e9cembre, vers 2h30.<\/p>\n<p>\n      La Quotidienne Soci\u00e9t\u00e9\n    <\/p>\n<p>\n      De la vie quotidienne aux grands enjeux, recevez tous les jours les sujets qui font la soci\u00e9t\u00e9 locale, comme la justice, l\u2019\u00e9ducation, la sant\u00e9 et la famille.\n    <\/p>\n<p>    France T\u00e9l\u00e9visions utilise votre adresse e-mail afin de vous envoyer la newsletter \u00ab\u00a0La Quotidienne Soci\u00e9t\u00e9\u00a0\u00bb. Vous pouvez vous d\u00e9sinscrire \u00e0 tout moment via le lien en bas de cette newsletter. <a target=\"_blank\" href=\"https:\/\/www.francetelevisions.fr\/groupe\/confidentialite\/politique-de-confidentialite\/politique-de-confidentialite-de-france-televisions-6503\" rel=\"noopener\">Notre politique de confidentialit\u00e9<\/a><\/p>\n<p>Jeudi 1er janvier, vers 13h, les plongeurs de la gendarmerie ont retrouv\u00e9 le corps d&rsquo;un jeune Bordelais de vingt ans quai du S\u00e9n\u00e9gal, aux Bassins \u00e0 Flot, \u00e0 Bordeaux. Plus t\u00f4t dans la nuit, vers 2h30, des t\u00e9moins avaient donn\u00e9 l&rsquo;alerte apr\u00e8s l&rsquo;avoir vu chuter dans la Garonne, en marge des festivit\u00e9s du Nouvel An. Une autre personne, tomb\u00e9e dans le fleuve au m\u00eame moment, s&rsquo;en est sortie indemne.<\/p>\n<p>Les \u00e9quipes cynophiles et les plongeurs du Service d\u00e9partement d&rsquo;incendie et de secours (SDIS) sont intervenus dans la nuit, en vain. Apr\u00e8s une br\u00e8ve interruption des recherches, \u00ab\u00a0les plongeurs de la gendarmerie ont pris le relais sur les coups de 10h\u00a0\u00bb, indique la police de Bordeaux.<\/p>\n<p>La piste d&rsquo;une chute accidentelle est privil\u00e9gi\u00e9e, dans ce quartier de Bordeaux, o\u00f9 se trouvent plusieurs bars et bo\u00eetes de nuit.<\/p>\n","protected":false},"excerpt":{"rendered":"Jeudi 1\u1d49\u02b3\u00a0janvier, sur les coups de 13h, le corps d&rsquo;un jeune homme de vingt ans a \u00e9t\u00e9 rep\u00each\u00e9&hellip;\n","protected":false},"author":2,"featured_media":637648,"comment_status":"","ping_status":"","sticky":false,"template":"","format":"standard","meta":{"footnotes":""},"categories":[2817],"tags":[1111,11,1997,1777,674,1011,27,12,2219,25],"class_list":{"0":"post-637647","1":"post","2":"type-post","3":"status-publish","4":"format-standard","5":"has-post-thumbnail","7":"category-bordeaux","8":"tag-actu","9":"tag-actualites","10":"tag-bordeaux","11":"tag-eu","12":"tag-europe","13":"tag-fr","14":"tag-france","15":"tag-news","16":"tag-nouvelle-aquitaine","17":"tag-republique-francaise"},"share_on_mastodon":{"url":"https:\/\/pubeurope.com\/@fr\/115829511564184083","error":""},"_links":{"self":[{"href":"https:\/\/www.europesays.com\/fr\/wp-json\/wp\/v2\/posts\/637647","targetHints":{"allow":["GET"]}}],"collection":[{"href":"https:\/\/www.europesays.com\/fr\/wp-json\/wp\/v2\/posts"}],"about":[{"href":"https:\/\/www.europesays.com\/fr\/wp-json\/wp\/v2\/types\/post"}],"author":[{"embeddable":true,"href":"https:\/\/www.europesays.com\/fr\/wp-json\/wp\/v2\/users\/2"}],"replies":[{"embeddable":true,"href":"https:\/\/www.europesays.com\/fr\/wp-json\/wp\/v2\/comments?post=637647"}],"version-history":[{"count":0,"href":"https:\/\/www.europesays.com\/fr\/wp-json\/wp\/v2\/posts\/637647\/revisions"}],"wp:featuredmedia":[{"embeddable":true,"href":"https:\/\/www.europesays.com\/fr\/wp-json\/wp\/v2\/media\/637648"}],"wp:attachment":[{"href":"https:\/\/www.europesays.com\/fr\/wp-json\/wp\/v2\/media?parent=637647"}],"wp:term":[{"taxonomy":"category","embeddable":true,"href":"https:\/\/www.europesays.com\/fr\/wp-json\/wp\/v2\/categories?post=637647"},{"taxonomy":"post_tag","embeddable":true,"href":"https:\/\/www.europesays.com\/fr\/wp-json\/wp\/v2\/tags?post=637647"}],"curies":[{"name":"wp","href":"https:\/\/api.w.org\/{rel}","templated":true}]}}