{"id":637651,"date":"2026-01-03T05:28:24","date_gmt":"2026-01-03T05:28:24","guid":{"rendered":"https:\/\/www.europesays.com\/fr\/637651\/"},"modified":"2026-01-03T05:28:24","modified_gmt":"2026-01-03T05:28:24","slug":"la-blague-de-thomasson-sur-le-chambrage-de-thauvin-lors-de-toulouse-lens","status":"publish","type":"post","link":"https:\/\/www.europesays.com\/fr\/637651\/","title":{"rendered":"la blague de Thomasson sur le chambrage de Thauvin lors de Toulouse-Lens"},"content":{"rendered":"<p>Apr\u00e8s la large victoire de Lens sur la pelouse de Toulouse vendredi en ouverture de la 17e journ\u00e9e de Ligue 1 (0-3), Adrien Thomasson est revenu sur le chambrage de Florian Thauvin sur Charlie Cresswell apr\u00e8s le premier but des Sang et Or. Le capitaine lensois assure que le champion du monde s&rsquo;est \u00ab\u00a0sacrifi\u00e9\u00a0\u00bb pour r\u00e9pondre \u00e0 son adversaire.<\/p>\n<p>C&rsquo;\u00e9tait un moment qu&rsquo;ils attendaient avec impatience. Ce vendredi, lors de Toulouse-Lens en ouverture de la 17e journ\u00e9e de Ligue 1 (0-3), Florian Thauvin et Adrien Thomasson n&rsquo;ont pas h\u00e9sit\u00e9 \u00e0 chambrer le Toulousain Charlie Cresswell apr\u00e8s le premier but des Sang et Or en seconde p\u00e9riode. <a href=\"https:\/\/rmcsport.bfmtv.com\/football\/ligue-1\/lens-les-images-du-chambrage-de-thauvin-sur-cresswell-facon-tirage-de-langue-apres-le-but-lensois_AV-202601020559.html\" title=\"Lens: les images du chambrage de Thauvin sur Cresswell fa\u00e7on tirage de langue apr\u00e8s le but lensois\" class=\"internal_link\" target=\"_blank\" rel=\"noopener\">Le champion du monde 2018 a tir\u00e9 la langue<\/a> \u00e0 son adversaire, qui l&rsquo;avait chauff\u00e9 un peu plus t\u00f4t dans le match alors que le Lensois r\u00e9clamait un p\u00e9nalty.<\/p>\n<p>Dans les vestiaires au coup de sifflet final, Thauvin et Thomasson ont d&rsquo;ailleurs plaisant\u00e9 sur le sujet. \u00ab\u00a0Je l&rsquo;ai chambr\u00e9 parce que (Cresswell) nous a chambr\u00e9s toute la premi\u00e8re mi-temps. On s&rsquo;\u00e9tait dit que le premier but qu&rsquo;on marquerait, il fallait aller le voir et lui en toucher deux mots\u00a0\u00bb, assure le milieu lensois au micro de Ligue 1+. \u00ab\u00a0C&rsquo;est (Thauvin) qui s&rsquo;est sacrifi\u00e9 pour nous. Je suis fier de lui parce qu&rsquo;il est rest\u00e9 tr\u00e8s calme malgr\u00e9 la poussette et le chambrage. C&rsquo;est \u00e7a l&rsquo;exp\u00e9rience. C&rsquo;est savoir taquiner, chambrer au bon moment tout en restant calme. Il a su le rester.\u00a0\u00bb<\/p>\n<p><a href=\"https:\/\/rmcsport.bfmtv.com\/football\/ligue-1\/direct-toulouse-lens-suivez-en-live-le-premier-match-de-l-annee-2026-en-ligue-1-match-d-ouverture-de-la-17e-journee-de-ligue-1_LS-202601020030.html\" title=\"Toulouse-Lens: les Sang et Or d\u00e9marrent fort 2026 avec le titre honorifique de champion d&#039;automne\" class=\"internal_link\" target=\"_blank\" rel=\"noopener\">&gt;&gt; Revivez Toulouse-Lens (0-3)<\/a><\/p>\n<p>Lens champion d&rsquo;automne<\/p>\n<p>Le chambrage de Florian Thauvin lui a d&rsquo;ailleurs valu les sifflets du Stadium \u00e0 sa sortie en seconde p\u00e9riode. Malgr\u00e9 ce fait de match, Lens a su se montrer patient pour se d\u00e9faire du TFC, r\u00e9duit \u00e0 dix en premi\u00e8re p\u00e9riode apr\u00e8s <a href=\"https:\/\/rmcsport.bfmtv.com\/football\/ligue-1\/toulouse-lens-coup-dur-pour-odsonne-edouard-blesse-apres-un-tacle-en-retard-d-emersonn_AV-202601020548.html\" title=\"Toulouse-Lens: coup dur pour Odsonne Edouard, bless\u00e9 apr\u00e8s un tacle en retard d&#039;Emersonn\" class=\"internal_link\" target=\"_blank\" rel=\"noopener\">le carton rouge d&rsquo;Emersonn<\/a>.<\/p>\n<p>Avec cette septi\u00e8me victoire de rang, Lens s&rsquo;est assur\u00e9 <a href=\"https:\/\/rmcsport.bfmtv.com\/football\/clubs\/rc-lens\/assure-d-etre-devant-le-psg-a-mi-saison-lens-sacre-champion-d-automne-apres-sa-victoire-contre-toulouse_AV-202601020554.html\" title=\"Assur\u00e9 d&#039;\u00eatre devant le PSG \u00e0 mi-saison: Lens sacr\u00e9 champion d\u2019automne apr\u00e8s sa victoire contre Toulouse\" class=\"internal_link\" target=\"_blank\" rel=\"noopener\">le titre honorifique de champion d&rsquo;automne<\/a>. Les Lensois sont d\u00e9finitivement assur\u00e9s de terminer la phase aller du championnat devant le PSG quel que soit le r\u00e9sultat du champion de France au Parc des Princes contre le Paris FC dimanche soir. Le club nordiste si\u00e8ge sur le tr\u00f4ne de la Ligue 1 depuis le 30 novembre et conservera son rang au minimum quinze jours de plus puisque le week-end prochain sera occup\u00e9 par la Coupe de France.<\/p>\n","protected":false},"excerpt":{"rendered":"Apr\u00e8s la large victoire de Lens sur la pelouse de Toulouse vendredi en ouverture de la 17e journ\u00e9e&hellip;\n","protected":false},"author":2,"featured_media":637652,"comment_status":"","ping_status":"","sticky":false,"template":"","format":"standard","meta":{"footnotes":""},"categories":[2816],"tags":[1111,11,1777,674,1011,27,12,2680,25,2312],"class_list":{"0":"post-637651","1":"post","2":"type-post","3":"status-publish","4":"format-standard","5":"has-post-thumbnail","7":"category-toulouse","8":"tag-actu","9":"tag-actualites","10":"tag-eu","11":"tag-europe","12":"tag-fr","13":"tag-france","14":"tag-news","15":"tag-occitanie","16":"tag-republique-francaise","17":"tag-toulouse"},"share_on_mastodon":{"url":"https:\/\/pubeurope.com\/@fr\/115829519324059875","error":""},"_links":{"self":[{"href":"https:\/\/www.europesays.com\/fr\/wp-json\/wp\/v2\/posts\/637651","targetHints":{"allow":["GET"]}}],"collection":[{"href":"https:\/\/www.europesays.com\/fr\/wp-json\/wp\/v2\/posts"}],"about":[{"href":"https:\/\/www.europesays.com\/fr\/wp-json\/wp\/v2\/types\/post"}],"author":[{"embeddable":true,"href":"https:\/\/www.europesays.com\/fr\/wp-json\/wp\/v2\/users\/2"}],"replies":[{"embeddable":true,"href":"https:\/\/www.europesays.com\/fr\/wp-json\/wp\/v2\/comments?post=637651"}],"version-history":[{"count":0,"href":"https:\/\/www.europesays.com\/fr\/wp-json\/wp\/v2\/posts\/637651\/revisions"}],"wp:featuredmedia":[{"embeddable":true,"href":"https:\/\/www.europesays.com\/fr\/wp-json\/wp\/v2\/media\/637652"}],"wp:attachment":[{"href":"https:\/\/www.europesays.com\/fr\/wp-json\/wp\/v2\/media?parent=637651"}],"wp:term":[{"taxonomy":"category","embeddable":true,"href":"https:\/\/www.europesays.com\/fr\/wp-json\/wp\/v2\/categories?post=637651"},{"taxonomy":"post_tag","embeddable":true,"href":"https:\/\/www.europesays.com\/fr\/wp-json\/wp\/v2\/tags?post=637651"}],"curies":[{"name":"wp","href":"https:\/\/api.w.org\/{rel}","templated":true}]}}