{"id":637653,"date":"2026-01-03T05:30:23","date_gmt":"2026-01-03T05:30:23","guid":{"rendered":"https:\/\/www.europesays.com\/fr\/637653\/"},"modified":"2026-01-03T05:30:23","modified_gmt":"2026-01-03T05:30:23","slug":"angel-yondjo-convoque-chez-les-pros-de-lille","status":"publish","type":"post","link":"https:\/\/www.europesays.com\/fr\/637653\/","title":{"rendered":"Angel Yondjo convoqu\u00e9 chez les pros de Lille !"},"content":{"rendered":"<p>Nouveau cap dans la jeune carri\u00e8re d\u2019Angel Yondjo. L\u2019ex-pensionnaire des Brasseries du Cameroun vient d\u2019\u00eatre convoqu\u00e9 en \u00e9quipe premi\u00e8re de Lille. C\u2019est en vue de la 17e journ\u00e9e de la Ligue 1. Les Dogues re\u00e7oivent Stade Rennais \u00e0 Pierre Mauroy, Villeneuve-d\u2019Ascq. Bruno Genesio et ses poulains veulent enchainer. En effet, ils \u00e9taient sur une s\u00e9rie de 4 victoires avant la tr\u00eave.<\/p>\n<p>Cette premi\u00e8re convocation chez les professionnelles est un signe que Yondjo donne satisfaction. Bruno Genesio va-t-il lui confier quelques minutes \u00e0 domicile ? C\u2019est la grande question sur les l\u00e8vres de plusieurs supporters d\u00e9sormais. Mais d\u00e9j\u00e0 l\u2019avoir en \u00e9quipe premi\u00e8re est un plus dans son processus d\u2019apprentissage.<\/p>\n<p>L\u2019avant-centre de 19 ans rejoint l\u2019\u00e9quipe B de Lille le 17 juillet 2025 en provenance du Cameroun. Il a disput\u00e9 10 matchs pour 6 buts inscrits en National 3. Des statistiques prometteuses pour cette valeur montante du football camerounais. La suite de la saison s\u2019annonce d\u00e9terminante pour lui sur les deux tableaux (National et Ligue 1).  Carlos Baleba a marqu\u00e9 les esprits au nord de la France avant de rejoindre Brighton. Yondjo est sous contrat jusqu\u2019au 30 juin 2030.<\/p>\n<p><img loading=\"lazy\" data-dominant-color=\"3070c6\" data-has-transparency=\"false\" style=\"--dominant-color: #3070c6;\" decoding=\"async\" width=\"819\" height=\"1024\" src=\"https:\/\/www.camfoot.com\/wp-content\/uploads\/2026\/01\/G9qkd8aWwAAd_cK-819x1024-jpeg.avif\" alt=\"\" class=\"lazyload wp-image-536623 not-transparent\"  data-\/>      <a href=\"https:\/\/www.camfoot.com\/members-2\/mbopdaprofile\/home\/\" rel=\"author noopener\" title=\"Daniel Mbopda\" class=\"author url fn\" target=\"_blank\">Daniel Mbopda<\/a>     <\/p>\n","protected":false},"excerpt":{"rendered":"Nouveau cap dans la jeune carri\u00e8re d\u2019Angel Yondjo. L\u2019ex-pensionnaire des Brasseries du Cameroun vient d\u2019\u00eatre convoqu\u00e9 en \u00e9quipe&hellip;\n","protected":false},"author":2,"featured_media":637654,"comment_status":"","ping_status":"","sticky":false,"template":"","format":"standard","meta":{"footnotes":""},"categories":[2815],"tags":[1111,11,74462,23615,1777,674,1011,27,811,66,1307,12,25,3087],"class_list":{"0":"post-637653","1":"post","2":"type-post","3":"status-publish","4":"format-standard","5":"has-post-thumbnail","7":"category-lille","8":"tag-actu","9":"tag-actualites","10":"tag-angel-yondjo-matah","11":"tag-cameroun","12":"tag-eu","13":"tag-europe","14":"tag-fr","15":"tag-france","16":"tag-hauts-de-france","17":"tag-ligue-1","18":"tag-lille","19":"tag-news","20":"tag-republique-francaise","21":"tag-stade-rennais"},"share_on_mastodon":{"url":"https:\/\/pubeurope.com\/@fr\/115829527231867898","error":""},"_links":{"self":[{"href":"https:\/\/www.europesays.com\/fr\/wp-json\/wp\/v2\/posts\/637653","targetHints":{"allow":["GET"]}}],"collection":[{"href":"https:\/\/www.europesays.com\/fr\/wp-json\/wp\/v2\/posts"}],"about":[{"href":"https:\/\/www.europesays.com\/fr\/wp-json\/wp\/v2\/types\/post"}],"author":[{"embeddable":true,"href":"https:\/\/www.europesays.com\/fr\/wp-json\/wp\/v2\/users\/2"}],"replies":[{"embeddable":true,"href":"https:\/\/www.europesays.com\/fr\/wp-json\/wp\/v2\/comments?post=637653"}],"version-history":[{"count":0,"href":"https:\/\/www.europesays.com\/fr\/wp-json\/wp\/v2\/posts\/637653\/revisions"}],"wp:featuredmedia":[{"embeddable":true,"href":"https:\/\/www.europesays.com\/fr\/wp-json\/wp\/v2\/media\/637654"}],"wp:attachment":[{"href":"https:\/\/www.europesays.com\/fr\/wp-json\/wp\/v2\/media?parent=637653"}],"wp:term":[{"taxonomy":"category","embeddable":true,"href":"https:\/\/www.europesays.com\/fr\/wp-json\/wp\/v2\/categories?post=637653"},{"taxonomy":"post_tag","embeddable":true,"href":"https:\/\/www.europesays.com\/fr\/wp-json\/wp\/v2\/tags?post=637653"}],"curies":[{"name":"wp","href":"https:\/\/api.w.org\/{rel}","templated":true}]}}