{"id":637655,"date":"2026-01-03T05:32:21","date_gmt":"2026-01-03T05:32:21","guid":{"rendered":"https:\/\/www.europesays.com\/fr\/637655\/"},"modified":"2026-01-03T05:32:21","modified_gmt":"2026-01-03T05:32:21","slug":"un-corps-retrouve-dans-le-coffre-dune-voiture-incendiee-a-marseille-02-01-2026-a-1943","status":"publish","type":"post","link":"https:\/\/www.europesays.com\/fr\/637655\/","title":{"rendered":"Un corps retrouv\u00e9 dans le coffre d&rsquo;une voiture incendi\u00e9e \u00e0 Marseille &#8211; 02\/01\/2026 \u00e0 19:43"},"content":{"rendered":"<p>        <img decoding=\"async\" src=\"https:\/\/www.europesays.com\/fr\/wp-content\/uploads\/2026\/01\/f0f80bdbe866b46924733f9b43f8ed10-760x507.jpg\" alt=\"Un corps a \u00e9t\u00e9 retrouv\u00e9 par les pompiers \u00e0 Marseille dans le coffre d'une voiture incendi\u00e9e ( AFP \/ DENIS CHARLET )\" loading=\"eager\" fetchpriority=\"high\" width=\"760\" height=\"507\" style=\"max-width: 100%!important; height: auto;\"\/><\/p>\n<p class=\"c-image-news__legend\">Un corps a \u00e9t\u00e9 retrouv\u00e9 par les pompiers \u00e0 Marseille dans le coffre d&rsquo;une voiture incendi\u00e9e ( AFP \/ DENIS CHARLET )<\/p>\n<p>\n Un corps a \u00e9t\u00e9 retrouv\u00e9 par les pompiers \u00e0 Marseille dans le coffre d&rsquo;une voiture incendi\u00e9e et un jeune de 19 ans a \u00e9t\u00e9 interpell\u00e9, a-t-on appris vendredi de sources concordantes.\n<\/p>\n<p>\n Les marins-pompiers de Marseille sont intervenus vers 23H20 jeudi soir, avenue des Arnavaux dans le nord de la ville, pour un feu de voiture, ont-ils expliqu\u00e9 \u00e0 l&rsquo;AFP. C&rsquo;est l\u00e0 qu&rsquo;ils ont trouv\u00e9, dans le coffre, un corps sans vie.\n<\/p>\n<p>\n Une source polici\u00e8re a confirm\u00e9 \u00e0 l&rsquo;AFP la d\u00e9couverte d&rsquo;un corps \u00ab\u00a0calcin\u00e9\u00a0\u00bb. Et une autre source a indiqu\u00e9 qu&rsquo;un jeune de 19 ans, connu de la justice, avait \u00e9t\u00e9 plac\u00e9 en garde \u00e0 vue.\n<\/p>\n<p>\n Le parquet de Marseille, qui a pr\u00e9cis\u00e9 de son c\u00f4t\u00e9 \u00e0 l&rsquo;AFP que le corps n&rsquo;avait pas \u00e9t\u00e9 identifi\u00e9 \u00e0 ce stade, a ouvert une enqu\u00eate des chefs d&rsquo;assassinat en bande organis\u00e9e, association de malfaiteurs, d\u00e9gradation de biens par incendie en bande organis\u00e9e et recel de vol en bande organis\u00e9e.\n<\/p>\n<p>\n L&rsquo;enqu\u00eate a \u00e9t\u00e9 confi\u00e9e \u00e0 la Division de la criminalit\u00e9 organis\u00e9e et sp\u00e9cialis\u00e9e (DCOS).\n<\/p>\n<p>\n Le mode op\u00e9ratoire laisse penser \u00e0 un assassinat sur fond de trafic de drogue et si cette piste se confirmait il s&rsquo;agirait du premier narchomicide \u00e0 Marseille de 2026, d\u00e8s le premier jour de l&rsquo;ann\u00e9e.\n<\/p>\n<p>\n Selon un d\u00e9compte de l&rsquo;AFP, 19 personnes ont perdu la vie dans des assassinats li\u00e9s au trafic de drogue en 2025 dans le d\u00e9partement des Bouches-du-Rh\u00f4ne, la grande majorit\u00e9 \u00e0 Marseille.\n<\/p>\n<p>\n Le jour de No\u00ebl, un corps avait d\u00e9j\u00e0 \u00e9t\u00e9 retrouv\u00e9 dans une voiture incendi\u00e9e \u00e0 Sept\u00e8mes-les-Vallons, une commune limitrophe de Marseille. La voiture avait \u00e9t\u00e9 signal\u00e9e vol\u00e9e.\n<\/p>\n<p>\n Le 13 novembre, la mort de Mehdi Kessaci, 20 ans, le petit fr\u00e8re du militant \u00e9cologiste et antidrogue Amine Kessaci, avait boulevers\u00e9 la ville.<\/p>\n","protected":false},"excerpt":{"rendered":"Un corps a \u00e9t\u00e9 retrouv\u00e9 par les pompiers \u00e0 Marseille dans le coffre d&rsquo;une voiture incendi\u00e9e ( AFP&hellip;\n","protected":false},"author":2,"featured_media":633565,"comment_status":"","ping_status":"","sticky":false,"template":"","format":"standard","meta":{"footnotes":""},"categories":[2814],"tags":[400,1111,11,398,408,405,1777,674,1011,27,403,402,399,404,884,12,882,25,401,406,407],"class_list":{"0":"post-637655","1":"post","2":"type-post","3":"status-publish","4":"format-standard","5":"has-post-thumbnail","7":"category-marseille","8":"tag-action-cac-40","9":"tag-actu","10":"tag-actualites","11":"tag-bourse-de-paris","12":"tag-boursorama","13":"tag-cotations","14":"tag-eu","15":"tag-europe","16":"tag-fr","17":"tag-france","18":"tag-indices-devises","19":"tag-investir","20":"tag-investissement","21":"tag-marche-boursier","22":"tag-marseille","23":"tag-news","24":"tag-provence-alpes-cote-dazur","25":"tag-republique-francaise","26":"tag-sicav","27":"tag-trackers","28":"tag-warrants"},"share_on_mastodon":{"url":"https:\/\/pubeurope.com\/@fr\/115829535212807902","error":""},"_links":{"self":[{"href":"https:\/\/www.europesays.com\/fr\/wp-json\/wp\/v2\/posts\/637655","targetHints":{"allow":["GET"]}}],"collection":[{"href":"https:\/\/www.europesays.com\/fr\/wp-json\/wp\/v2\/posts"}],"about":[{"href":"https:\/\/www.europesays.com\/fr\/wp-json\/wp\/v2\/types\/post"}],"author":[{"embeddable":true,"href":"https:\/\/www.europesays.com\/fr\/wp-json\/wp\/v2\/users\/2"}],"replies":[{"embeddable":true,"href":"https:\/\/www.europesays.com\/fr\/wp-json\/wp\/v2\/comments?post=637655"}],"version-history":[{"count":0,"href":"https:\/\/www.europesays.com\/fr\/wp-json\/wp\/v2\/posts\/637655\/revisions"}],"wp:featuredmedia":[{"embeddable":true,"href":"https:\/\/www.europesays.com\/fr\/wp-json\/wp\/v2\/media\/633565"}],"wp:attachment":[{"href":"https:\/\/www.europesays.com\/fr\/wp-json\/wp\/v2\/media?parent=637655"}],"wp:term":[{"taxonomy":"category","embeddable":true,"href":"https:\/\/www.europesays.com\/fr\/wp-json\/wp\/v2\/categories?post=637655"},{"taxonomy":"post_tag","embeddable":true,"href":"https:\/\/www.europesays.com\/fr\/wp-json\/wp\/v2\/tags?post=637655"}],"curies":[{"name":"wp","href":"https:\/\/api.w.org\/{rel}","templated":true}]}}