{"id":637660,"date":"2026-01-03T05:36:29","date_gmt":"2026-01-03T05:36:29","guid":{"rendered":"https:\/\/www.europesays.com\/fr\/637660\/"},"modified":"2026-01-03T05:36:29","modified_gmt":"2026-01-03T05:36:29","slug":"expositions-gratuites-a-paris-et-en-ile-de-france-en-janvier-2026-les-incontournables-a-voir","status":"publish","type":"post","link":"https:\/\/www.europesays.com\/fr\/637660\/","title":{"rendered":"Expositions gratuites \u00e0 Paris et en \u00cele-de-France en janvier 2026: les incontournables \u00e0 voir"},"content":{"rendered":"<p>ParisSelectBook &#8211; Expositions gratuites \u00e0 Paris et en \u00cele-de-France en janvier 2026: les incontournables \u00e0 voir &#8211; Cr\u00e9dit photo \u00a9 Paris Select Book<\/p>\n<p>En ce d\u00e9but de <strong>janvier 2026<\/strong>, beaucoup cherchent une parenth\u00e8se culturelle \u00e0 petit prix. Ainsi, Paris et l\u2019\u00cele-de-France alignent des expositions gratuites qui donnent envie de sortir malgr\u00e9 le <a href=\"https:\/\/www.parisselectbook.com\/2026\/01\/01\/neige-a-paris-et-en-ile-de-france-debut-2026-les-premiers-flocons-sont-possibles\/\" target=\"_blank\" rel=\"noopener\">froid<\/a>. De plus, les agendas s\u2019adaptent aux rythmes de travail, de famille et de budget.<\/p>\n<p>O\u00f9 et quand profiter des expositions gratuites en <strong>janvier 2026<\/strong><\/p>\n<p>Selon le guide de <a href=\"https:\/\/www.parisselectbook.com\/2026\/01\/01\/pieces-de-theatre-a-paris-les-nouveautes-a-voir-en-janvier-2026\/\" target=\"_blank\" rel=\"noopener\">Sortir \u00e0 Paris<\/a>, plusieurs institutions ouvrent leurs portes sans frais \u00e0 des cr\u00e9neaux pr\u00e9cis. De plus, certains lieux proposent des formats brefs, utiles pour une pause entre deux rendez-vous. Enfin, l\u2019<strong>acc\u00e8s libre<\/strong> s\u2019accompagne souvent d\u2019une m\u00e9diation concise et efficace.<\/p>\n<p>Le principe reste simple: viser les jours en <strong>acc\u00e8s libre<\/strong>, les <a href=\"https:\/\/www.parisselectbook.com\/2026\/01\/01\/transports-en-ile-de-france-perturbations-et-travaux-les-3-et-4-janvier-2026-lignes-impactees-ce-week-end\/\" target=\"_blank\" rel=\"noopener\">nocturnes<\/a> et les lancements. Par cons\u00e9quent, ces expositions gratuites s\u2019adressent \u00e0 tous, \u00e0 condition de v\u00e9rifier les modalit\u00e9s propres \u00e0 chaque lieu. Aussi, certaines maisons demandent une r\u00e9servation en ligne rapide.<\/p>\n<p>Expositions gratuites: conditions d\u2019acc\u00e8s et astuces<\/p>\n<p>Beaucoup de <a href=\"https:\/\/www.parisselectbook.com\/2026\/01\/01\/grand-palais-devient-hopital-militaire-a-paris-pendant-la-premiere-guerre-mondiale-et-soigne-des-milliers-de-soldats\/\" target=\"_blank\" rel=\"noopener\">lieux<\/a> limitent les jauges pour le confort des visiteurs. Aussi, un <strong>billet horodat\u00e9<\/strong> peut \u00eatre requis m\u00eame quand l\u2019entr\u00e9e est gratuite. Enfin, une pi\u00e8ce d\u2019identit\u00e9 peut \u00eatre demand\u00e9e pour activer un tarif sp\u00e9cifique.<\/p>\n<blockquote>\n<p>\u00ab La culture reste accessible quand on sait o\u00f9 regarder. \u00bb<\/p>\n<\/blockquote>\n<p>Pour les familles, privil\u00e9giez les cr\u00e9neaux matinaux et les vacances courtes. En revanche, certaines expositions gratuites sont plus calmes en soir\u00e9e, surtout en semaine. De plus, les poussettes sont parfois r\u00e9glement\u00e9es selon la taille des salles.<\/p>\n<p>Les \u00e9tudiants et moins de 26 ans disposent parfois d\u2019avantages suppl\u00e9mentaires. Ainsi, pensez aux cartes culture locales et aux pass municipaux, souvent utiles. De plus, plusieurs lieux indiquent clairement l\u2019accessibilit\u00e9 <strong>PMR<\/strong> et les services essentiels.<\/p>\n<ul>\n<li>V\u00e9rifier les horaires et l\u2019heure de derni\u00e8re entr\u00e9e<\/li>\n<li>Rep\u00e9rer les premiers dimanches et nocturnes en acc\u00e8s libre<\/li>\n<li>R\u00e9server si un billet horodat\u00e9 est requis<\/li>\n<li>Visiter t\u00f4t le matin ou en soir\u00e9e pour \u00e9viter la foule<\/li>\n<li>Pr\u00e9voir un plan B proche en cas d\u2019affluence<\/li>\n<\/ul>\n<p>Tendances de la saison: art, photo, patrimoine<\/p>\n<p>Cet hiver, la photo documentaire c\u00f4toie l\u2019art textile et le design. Notamment, plusieurs espaces misent sur des sc\u00e9nographies l\u00e9g\u00e8res et sensibles, adapt\u00e9es aux flux. Par ailleurs, des commissariats valorisent les formats courts et la proximit\u00e9.<\/p>\n<p>De plus, des installations \u00e9ph\u00e9m\u00e8res s\u2019invitent dans des lieux du quotidien, des gares aux grands magasins. Ces expositions gratuites favorisent la fl\u00e2nerie urbaine et la curiosit\u00e9 spontan\u00e9e. Ainsi, le d\u00e9tour d\u2019un trajet peut suffire pour une exp\u00e9rience marquante.<\/p>\n<p>C\u00f4t\u00e9 patrimoine, des mus\u00e9es de site revisitent l\u2019histoire industrielle et les paysages. Par cons\u00e9quent, des collections permanentes se r\u00e9inventent gr\u00e2ce \u00e0 des focus th\u00e9matiques. Enfin, la saison met l\u2019accent sur des r\u00e9cits ancr\u00e9s dans la ville.<\/p>\n<p>Pour les familles et sorties du week\u2011end<\/p>\n<p>Le samedi, anticipez l\u2019affluence sur les propositions ludiques. Ainsi, une arriv\u00e9e \u00e0 l\u2019ouverture rend la visite plus sereine et plus courte. Ensuite, des ateliers libres permettent parfois aux enfants de se rep\u00e9rer.<\/p>\n<p>Quand la m\u00e9t\u00e9o se g\u00e2te, cap sur des parcours abrit\u00e9s et modulables. De plus, alterner pi\u00e8ces calmes et moments interactifs maintient l\u2019attention du groupe. Enfin, pr\u00e9voyez une pause lecture dans l\u2019espace librairie ou m\u00e9diath\u00e8que.<\/p>\n<p>Conseils pour pr\u00e9parer votre visite<\/p>\n<p>Commencez par une check-list simple: <strong>horaires<\/strong>, acc\u00e8s, dur\u00e9e estim\u00e9e, vestiaire. Puis, validez les r\u00e8gles de s\u00e9curit\u00e9 et les objets autoris\u00e9s, surtout pour les sacs. Ensuite, photographier peut \u00eatre limit\u00e9 selon les \u0153uvres et les salles.<\/p>\n<p>En cas de forte demande, gardez un plan B \u00e0 proximit\u00e9, comme un parc ou un caf\u00e9. Ainsi, vous conservez l\u2019esprit l\u00e9ger et profitez d\u2019expositions gratuites sans perdre votre apr\u00e8s-midi. Par cons\u00e9quent, la sortie reste agr\u00e9able m\u00eame si l\u2019attente s\u2019allonge.<\/p>\n<p>Enfin, pensez aux transports: un trajet direct facilite les retours avec enfants. Aussi, une s\u00e9lection raisonnable d\u2019\u0153uvres suffit pour garder l\u2019attention sur la dur\u00e9e. En bref, la qualit\u00e9 du temps v\u00e9cu prime sur la quantit\u00e9 visit\u00e9e.<\/p>\n","protected":false},"excerpt":{"rendered":"ParisSelectBook &#8211; Expositions gratuites \u00e0 Paris et en \u00cele-de-France en janvier 2026: les incontournables \u00e0 voir &#8211; Cr\u00e9dit&hellip;\n","protected":false},"author":2,"featured_media":637661,"comment_status":"","ping_status":"","sticky":false,"template":"","format":"standard","meta":{"footnotes":""},"categories":[1592],"tags":[1111,11,1777,674,74277,1011,27,662,12,626,25],"class_list":{"0":"post-637660","1":"post","2":"type-post","3":"status-publish","4":"format-standard","5":"has-post-thumbnail","7":"category-ile-de-france","8":"tag-actu","9":"tag-actualites","10":"tag-eu","11":"tag-europe","12":"tag-expositions-gratuites","13":"tag-fr","14":"tag-france","15":"tag-ile-de-france","16":"tag-news","17":"tag-paris","18":"tag-republique-francaise"},"share_on_mastodon":{"url":"https:\/\/pubeurope.com\/@fr\/115829550775064609","error":""},"_links":{"self":[{"href":"https:\/\/www.europesays.com\/fr\/wp-json\/wp\/v2\/posts\/637660","targetHints":{"allow":["GET"]}}],"collection":[{"href":"https:\/\/www.europesays.com\/fr\/wp-json\/wp\/v2\/posts"}],"about":[{"href":"https:\/\/www.europesays.com\/fr\/wp-json\/wp\/v2\/types\/post"}],"author":[{"embeddable":true,"href":"https:\/\/www.europesays.com\/fr\/wp-json\/wp\/v2\/users\/2"}],"replies":[{"embeddable":true,"href":"https:\/\/www.europesays.com\/fr\/wp-json\/wp\/v2\/comments?post=637660"}],"version-history":[{"count":0,"href":"https:\/\/www.europesays.com\/fr\/wp-json\/wp\/v2\/posts\/637660\/revisions"}],"wp:featuredmedia":[{"embeddable":true,"href":"https:\/\/www.europesays.com\/fr\/wp-json\/wp\/v2\/media\/637661"}],"wp:attachment":[{"href":"https:\/\/www.europesays.com\/fr\/wp-json\/wp\/v2\/media?parent=637660"}],"wp:term":[{"taxonomy":"category","embeddable":true,"href":"https:\/\/www.europesays.com\/fr\/wp-json\/wp\/v2\/categories?post=637660"},{"taxonomy":"post_tag","embeddable":true,"href":"https:\/\/www.europesays.com\/fr\/wp-json\/wp\/v2\/tags?post=637660"}],"curies":[{"name":"wp","href":"https:\/\/api.w.org\/{rel}","templated":true}]}}