{"id":637662,"date":"2026-01-03T05:37:09","date_gmt":"2026-01-03T05:37:09","guid":{"rendered":"https:\/\/www.europesays.com\/fr\/637662\/"},"modified":"2026-01-03T05:37:09","modified_gmt":"2026-01-03T05:37:09","slug":"a-madagascar-la-precarite-des-petites-mains-travailleuses-de-lia","status":"publish","type":"post","link":"https:\/\/www.europesays.com\/fr\/637662\/","title":{"rendered":"A Madagascar, la pr\u00e9carit\u00e9 des petites mains travailleuses de l\u2019IA"},"content":{"rendered":"\n<p class=\"article__paragraph article__paragraph--lf \">Il est 17\u00a0h\u00a030, l\u2019heure de pointe \u00e0 Analakely. Le quartier de l\u2019hypercentre d\u2019Antananarivo bouillonne. La lumi\u00e8re de fin de journ\u00e9e se r\u00e9fl\u00e9chit sur les toits color\u00e9s. Des moteurs grondent dans les embouteillages. Pour \u00e9chapper \u00e0 l\u2019agitation, des clients se pressent sur la terrasse d\u2019un bar qui surplombe la ville. Daniel (les personnes pr\u00e9sent\u00e9es par leur pr\u00e9nom pr\u00e9f\u00e8rent t\u00e9moigner anonymement), un ancien travailleur de l\u2019intelligence artificielle (IA), est assis dans un coin discret. Pendant pr\u00e8s de dix ans, le jeune homme a \u00e9t\u00e9 annotateur.<\/p>\n<p class=\"article__paragraph article__paragraph--lf \">Entre 150\u00a0millions et 400\u00a0millions de personnes vivent de ce m\u00e9tier peu connu, principalement en Inde ou en Afrique, estimait, en\u00a02023, la Banque mondiale. Leur travail consiste \u00e0 qualifier les donn\u00e9es qui servent, ensuite, \u00e0 entra\u00eener l\u2019IA, qu\u2019il s\u2019agisse de textes, d\u2019images ou de fichiers sonores. Le plus souvent, ces petites mains de l\u2019IA d\u00e9crivent ce qu\u2019il se passe \u00e0 l\u2019\u00e9cran, annotent des images ou les classent. A Madagascar, l\u2019un des pays les pauvres au monde, le secteur de l\u2019annotation, largement contr\u00f4l\u00e9 par des capitaux \u00e9trangers, fait vivre des milliers de m\u00e9nages, selon nos estimations.<\/p>\n<p class=\"article__paragraph article__paragraph--lf \">Embauch\u00e9 en\u00a02017 par une entreprise sp\u00e9cialis\u00e9e dans cette activit\u00e9, Daniel passe ses journ\u00e9es \u00e0 \u00e9pier les comportements suspects sur des extraits de vid\u00e9osurveillance pour entra\u00eener un logiciel de d\u00e9tection des vols. L\u2019une apr\u00e8s l\u2019autre, il classe les s\u00e9quences vid\u00e9o issues des magasins europ\u00e9ens \u00e0 8\u00a0000\u00a0kilom\u00e8tres de son poste d\u2019ordinateur. \u00ab\u00a0On a moins d\u2019une minute pour choisir l\u2019\u00e9tiquette \u201cvol\u201d ou l\u2019\u00e9tiquette \u201csuspect\u201d. Finalement, les comportements normaux repr\u00e9sentent 98\u00a0% de cas\u00a0\u00bb, explique-t-il. Clic apr\u00e8s clic, l\u2019IA apprend et devient plus autonome. Clic apr\u00e8s clic, Daniel, lui, se sent de plus en plus abruti. \u00ab\u00a0A force de faire \u00e7a tous les jours, on stagne mentalement, comme si \u00e7a nous emp\u00eachait de r\u00e9fl\u00e9chir. On n\u2019a pas de perspective d\u2019\u00e9volution\u00a0\u00bb, d\u00e9plore Daniel. Chaque jour, les m\u00eames t\u00e2ches se r\u00e9p\u00e8tent inlassablement. Int\u00e9gr\u00e9 aux ordinateurs, un logiciel surveille le temps de travail des employ\u00e9s. \u00ab\u00a0On est comme des robots. M\u00eame les pauses pipi sont comptabilis\u00e9es\u00a0\u00bb, souffle-t-il.<\/p>\n<p class=\"reading-mode-only \"><strong>Il vous reste 72.15% de cet article \u00e0 lire. La suite est r\u00e9serv\u00e9e aux abonn\u00e9s.<\/strong><\/p>\n","protected":false},"excerpt":{"rendered":"Il est 17\u00a0h\u00a030, l\u2019heure de pointe \u00e0 Analakely. Le quartier de l\u2019hypercentre d\u2019Antananarivo bouillonne. La lumi\u00e8re de fin&hellip;\n","protected":false},"author":2,"featured_media":637663,"comment_status":"","ping_status":"","sticky":false,"template":"","format":"standard","meta":{"footnotes":""},"categories":[1888],"tags":[1111,1928,11,1927,1777,674,1011,27,12,1926,626,1925,25],"class_list":{"0":"post-637662","1":"post","2":"type-post","3":"status-publish","4":"format-standard","5":"has-post-thumbnail","7":"category-paris","8":"tag-actu","9":"tag-actu-paris","10":"tag-actualites","11":"tag-actualites-paris","12":"tag-eu","13":"tag-europe","14":"tag-fr","15":"tag-france","16":"tag-news","17":"tag-news-paris","18":"tag-paris","19":"tag-paris-news","20":"tag-republique-francaise"},"share_on_mastodon":{"url":"https:\/\/pubeurope.com\/@fr\/115829554772822163","error":""},"_links":{"self":[{"href":"https:\/\/www.europesays.com\/fr\/wp-json\/wp\/v2\/posts\/637662","targetHints":{"allow":["GET"]}}],"collection":[{"href":"https:\/\/www.europesays.com\/fr\/wp-json\/wp\/v2\/posts"}],"about":[{"href":"https:\/\/www.europesays.com\/fr\/wp-json\/wp\/v2\/types\/post"}],"author":[{"embeddable":true,"href":"https:\/\/www.europesays.com\/fr\/wp-json\/wp\/v2\/users\/2"}],"replies":[{"embeddable":true,"href":"https:\/\/www.europesays.com\/fr\/wp-json\/wp\/v2\/comments?post=637662"}],"version-history":[{"count":0,"href":"https:\/\/www.europesays.com\/fr\/wp-json\/wp\/v2\/posts\/637662\/revisions"}],"wp:featuredmedia":[{"embeddable":true,"href":"https:\/\/www.europesays.com\/fr\/wp-json\/wp\/v2\/media\/637663"}],"wp:attachment":[{"href":"https:\/\/www.europesays.com\/fr\/wp-json\/wp\/v2\/media?parent=637662"}],"wp:term":[{"taxonomy":"category","embeddable":true,"href":"https:\/\/www.europesays.com\/fr\/wp-json\/wp\/v2\/categories?post=637662"},{"taxonomy":"post_tag","embeddable":true,"href":"https:\/\/www.europesays.com\/fr\/wp-json\/wp\/v2\/tags?post=637662"}],"curies":[{"name":"wp","href":"https:\/\/api.w.org\/{rel}","templated":true}]}}