{"id":637670,"date":"2026-01-03T05:41:12","date_gmt":"2026-01-03T05:41:12","guid":{"rendered":"https:\/\/www.europesays.com\/fr\/637670\/"},"modified":"2026-01-03T05:41:12","modified_gmt":"2026-01-03T05:41:12","slug":"le-premier-ministre-mark-carney-se-rendra-en-france-la-semaine-prochaine-pour-rencontrer-les-allies-de-lukraine","status":"publish","type":"post","link":"https:\/\/www.europesays.com\/fr\/637670\/","title":{"rendered":"Le premier ministre Mark Carney se rendra en France la semaine prochaine pour rencontrer les alli\u00e9s de l\u2019Ukraine"},"content":{"rendered":"<p>Le premier ministre <a href=\"https:\/\/www.ledevoir.com\/mark-carney\" target=\"_blank\" rel=\"noopener\">Mark Carney<\/a> se rendra en France la semaine prochaine pour rencontrer les alli\u00e9s de l\u2019Ukraine alors que les n\u00e9gociations visant \u00e0 mettre fin \u00e0 la guerre contre la Russie s\u2019intensifient.<\/p>\n<p>Le cabinet du premier ministre indique que M. Carney sera \u00e0 Paris lundi et mardi pour rencontrer la \u00abcoalition des pays volontaires\u00bb afin de faire progresser un accord de paix pour l\u2019Ukraine.<\/p>\n<p>Dans un communiqu\u00e9 de presse publi\u00e9 vendredi, M. Carney a d\u00e9clar\u00e9 que son objectif demeure le renforcement de l\u2019Ukraine et la dissuasion de toute future agression russe, tandis que l\u2019Ukraine recherche des garanties de s\u00e9curit\u00e9 aupr\u00e8s des \u00c9tats-Unis et d\u2019autres nations.<\/p>\n<p>\u00abLe Canada travaille sans rel\u00e2che avec ses alli\u00e9s pour assurer une paix juste et durable en Ukraine. Nous devons dissuader et nous renforcer. Nous devons offrir \u00e0 l\u2019Ukraine de solides garanties de s\u00e9curit\u00e9 et veiller \u00e0 ce qu\u2019elle puisse se reconstruire, se redresser et jeter les bases d\u2019une v\u00e9ritable prosp\u00e9rit\u00e9\u00bb, a dit M. Carney dans ce communiqu\u00e9.<\/p>\n<p>Le cabinet de M. Carney pr\u00e9cise que le Canada travaille avec les alli\u00e9s de la coalition pour renforcer les capacit\u00e9s de d\u00e9fense de l\u2019Ukraine et soutenir le redressement \u00e0 long terme du pays, et demande le retour des enfants ukrainiens \u00abill\u00e9galement d\u00e9port\u00e9s\u00bb pendant la guerre contre la Russie.<\/p>\n<p>La Russie est engag\u00e9e dans une guerre ouverte contre l\u2019Ukraine depuis pr\u00e8s de quatre ans \u2014 les hostilit\u00e9s remontant quant \u00e0 elles au moins \u00e0 2014 lors de l\u2019annexion ill\u00e9gale de la Crim\u00e9e par la Russie. Le Canada s\u2019est joint \u00e0 des pays alli\u00e9s en Europe et ailleurs pour soutenir la souverainet\u00e9 de l\u2019Ukraine.<\/p>\n<p>Le Canada, qui figure parmi les plus importants contributeurs par habitant \u00e0 la relance de l\u2019Ukraine, a annonc\u00e9 un financement et des garanties de pr\u00eats de 2,5 milliards de dollars lors de la rencontre entre le premier ministre Mark Carney et le pr\u00e9sident ukrainien <a href=\"https:\/\/www.ledevoir.com\/volodymyr-zelensky\" target=\"_blank\" rel=\"noopener\">Volodymyr Zelensky<\/a> \u00e0 Halifax le week-end dernier.<\/p>\n<p>Ottawa estime la valeur totale des engagements du Canada envers l\u2019Ukraine \u00e0 23,5 milliards $ \u00e0 ce jour, dont 12 milliards $ sous forme d\u2019aide financi\u00e8re directe.<\/p>\n<p>Selon Fen Osler Hampson, professeur d\u2019affaires internationales \u00e0 l\u2019universit\u00e9 Carleton, la volont\u00e9 de M. Carney de traverser l\u2019oc\u00e9an Atlantique pour assister \u00e0 cette rencontre montre qu\u2019il est \u00abclairement s\u00e9rieux\u00bb dans ses efforts de paix en Ukraine.<\/p>\n<p>\u00abC\u2019est un signal important qui montre que le Canada s\u2019engage \u00e0 long terme, et non \u00e0 court terme, et que nous sommes pr\u00eats \u00e0 faire un travail de fond\u00bb,soutient-il.<\/p>\n<p>Trouver un accord<\/p>\n<p>Le pr\u00e9sident am\u00e9ricain <a href=\"https:\/\/www.ledevoir.com\/donald-trump\" target=\"_blank\" rel=\"noopener\">Donald Trump<\/a>, qui a re\u00e7u M. Zelensky dimanche dans sa r\u00e9sidence de Mar-a-Lago en Floride, a insist\u00e9 sur le fait que l\u2019Ukraine et la Russie \u00e9taient \u00abplus proches que jamais\u00bb d\u2019un accord de paix, tout en reconnaissant que des obstacles persistants pourraient emp\u00eacher sa conclusion.<\/p>\n<p>Les efforts de paix men\u00e9s par les \u00c9tats-Unis ont rencontr\u00e9 un nouvel obstacle en d\u00e9but de semaine lorsque Moscou a d\u00e9clar\u00e9 qu\u2019elle durcirait sa position dans les n\u00e9gociations apr\u00e8s une apparente attaque par drone sur une r\u00e9sidence du pr\u00e9sident russe <a href=\"https:\/\/www.ledevoir.com\/vladimir-poutine\" target=\"_blank\" rel=\"noopener\">Vladimir Poutine<\/a> t\u00f4t lundi matin.<\/p>\n<p>kiev a ni\u00e9 avoir attaqu\u00e9 la r\u00e9sidence de M. Poutine, affirmant que l\u2019all\u00e9gation russe \u00e9tait une ruse visant \u00e0 faire d\u00e9railler les n\u00e9gociations.<\/p>\n<p>Dans son discours du Nouvel An, M. Zelensky a affirm\u00e9 qu\u2019un accord de paix \u00e9tait \u00abpr\u00eat \u00e0 90\u00a0%\u00bb, mais a averti que les 10\u00a0% restants \u2014 dont des points de discorde importants, tels que le contr\u00f4le du territoire \u2014 \u00abd\u00e9termineraient le sort de la paix, le sort de l\u2019Ukraine et de l\u2019Europe, et la fa\u00e7on dont les gens vivront\u00bb.<\/p>\n<p>Le Pr Hampson avance que les points d\u2019achoppement dans les n\u00e9gociations tournent probablement autour des garanties de s\u00e9curit\u00e9 et des territoires contest\u00e9s.<\/p>\n<p>Reste \u00e0 voir si M. Poutine accepterait des conditions qui lui permettraient de remporter une victoire de principe, ou s\u2019il reste d\u00e9termin\u00e9 \u00e0 conqu\u00e9rir toute l\u2019Ukraine.<\/p>\n<p>\u00abLes capitales occidentales soup\u00e7onnent fortement que ce sera le cas\u00bb, dit le Pr Hampson.<\/p>\n<p>L\u2019administration Trump et M. Trump lui-m\u00eame restent des inconnues \u00e0 la table des n\u00e9gociations, souligne l\u2019universitaire. Certaines voix au sein du cabinet du pr\u00e9sident am\u00e9ricain semblent dispos\u00e9es \u00e0 abandonner l\u2019Ukraine, ajoute-t-il, tandis que d\u2019autres s\u2019opposent plus fermement \u00e0 l\u2019agression russe.<\/p>\n<p>La coalition des volontaires ne voudra pas abandonner l\u2019Ukraine, affirme-t-il.<\/p>\n<p>\u00abIl est important de faire passer le message \u00e0 Donald Trump que les alli\u00e9s de l\u2019<a href=\"https:\/\/www.ledevoir.com\/otan\" target=\"_blank\" rel=\"noopener\">OTAN<\/a> sont pr\u00eats \u00e0 fournir les garanties \u00e9conomiques et s\u00e9curitaires n\u00e9cessaires pour emp\u00eacher la chute de l\u2019Ukraine\u00bb, fait-il valoir.<\/p>\n<p>Garantie de s\u00e9curit\u00e9<\/p>\n<p>Pour l\u2019Ukraine, toute garantie de s\u00e9curit\u00e9 n\u00e9cessiterait probablement de ne pas limiter la taille de son arm\u00e9e ou la production de son industrie de d\u00e9fense, selon le professeur.<\/p>\n<p>Elle n\u00e9cessiterait \u00e9galement des dispositions similaires \u00e0 la clause de d\u00e9fense mutuelle de l\u2019article 5 de l\u2019OTAN, rappelle-t-il. Celles-ci pourraient mener les alli\u00e9s de la coalition \u00e0 d\u00e9ployer des troupes sur le terrain \u00e0 titre dissuasif.<\/p>\n<p>\u00abIl faut un dispositif tr\u00e8s solide qui fait clairement comprendre \u00e0 la Russie que, si elle tente de nouvelles manigances, si elle tente d\u2019envahir l\u2019Ukraine \u00e0 nouveau, elle sera impliqu\u00e9e dans une guerre avec les pays occidentaux. C\u2019est cela, une garantie de s\u00e9curit\u00e9 cr\u00e9dible\u00bb, dit le Pr Hampson.<\/p>\n<p>En ao\u00fbt, lors de sa premi\u00e8re visite officielle dans ce pays d\u00e9chir\u00e9 par la guerre, M. Carney n\u2019a pas exclu l\u2019envoi de troupes au sol en Ukraine dans le cadre d\u2019un accord de s\u00e9curit\u00e9.<\/p>\n<p>Le Pr Hampson note que le Canada s\u2019est jusqu\u2019\u00e0 pr\u00e9sent manifest\u00e9 par son soutien financier et moral, mais qu\u2019il devra probablement aussi jouer un r\u00f4le militaire pour prouver que le pays est s\u00e9rieux dans son soutien \u00e0 une Ukraine souveraine.<\/p>\n<p>Avec des informations de l\u2019Associated Press\n <\/p>\n","protected":false},"excerpt":{"rendered":"Le premier ministre Mark Carney se rendra en France la semaine prochaine pour rencontrer les alli\u00e9s de l\u2019Ukraine&hellip;\n","protected":false},"author":2,"featured_media":637671,"comment_status":"","ping_status":"","sticky":false,"template":"","format":"standard","meta":{"footnotes":""},"categories":[1591],"tags":[11,1887,12,1885,1886,132],"class_list":{"0":"post-637670","1":"post","2":"type-post","3":"status-publish","4":"format-standard","5":"has-post-thumbnail","7":"category-russie","8":"tag-actualites","9":"tag-federation-de-russie","10":"tag-news","11":"tag-russia","12":"tag-russian-federation","13":"tag-russie"},"share_on_mastodon":{"url":"https:\/\/pubeurope.com\/@fr\/115829570504475994","error":""},"_links":{"self":[{"href":"https:\/\/www.europesays.com\/fr\/wp-json\/wp\/v2\/posts\/637670","targetHints":{"allow":["GET"]}}],"collection":[{"href":"https:\/\/www.europesays.com\/fr\/wp-json\/wp\/v2\/posts"}],"about":[{"href":"https:\/\/www.europesays.com\/fr\/wp-json\/wp\/v2\/types\/post"}],"author":[{"embeddable":true,"href":"https:\/\/www.europesays.com\/fr\/wp-json\/wp\/v2\/users\/2"}],"replies":[{"embeddable":true,"href":"https:\/\/www.europesays.com\/fr\/wp-json\/wp\/v2\/comments?post=637670"}],"version-history":[{"count":0,"href":"https:\/\/www.europesays.com\/fr\/wp-json\/wp\/v2\/posts\/637670\/revisions"}],"wp:featuredmedia":[{"embeddable":true,"href":"https:\/\/www.europesays.com\/fr\/wp-json\/wp\/v2\/media\/637671"}],"wp:attachment":[{"href":"https:\/\/www.europesays.com\/fr\/wp-json\/wp\/v2\/media?parent=637670"}],"wp:term":[{"taxonomy":"category","embeddable":true,"href":"https:\/\/www.europesays.com\/fr\/wp-json\/wp\/v2\/categories?post=637670"},{"taxonomy":"post_tag","embeddable":true,"href":"https:\/\/www.europesays.com\/fr\/wp-json\/wp\/v2\/tags?post=637670"}],"curies":[{"name":"wp","href":"https:\/\/api.w.org\/{rel}","templated":true}]}}