{"id":637672,"date":"2026-01-03T05:42:11","date_gmt":"2026-01-03T05:42:11","guid":{"rendered":"https:\/\/www.europesays.com\/fr\/637672\/"},"modified":"2026-01-03T05:42:11","modified_gmt":"2026-01-03T05:42:11","slug":"guerre-en-ukraine-pret-a-retourner-au-combat-comment-kiev-a-piege-moscou-en-simulant-la-mort-du-neonazi-russe-denis-kapustin","status":"publish","type":"post","link":"https:\/\/www.europesays.com\/fr\/637672\/","title":{"rendered":"Guerre en Ukraine\u00a0: \u00ab\u00a0Pr\u00eat \u00e0 retourner au combat\u00a0\u00bb, comment Kiev a pi\u00e9g\u00e9 Moscou en simulant la mort du n\u00e9onazi russe Denis Kapustin"},"content":{"rendered":"<p class=\"paragraph text_align_left lp-f-body-02\">Tout le monde le croyait pourtant mort. Le 27 d\u00e9cembre dernier, le Corps des volontaires russes (RDK) annon\u00e7ait <a href=\"https:\/\/www.leparisien.fr\/international\/ukraine\/guerre-en-ukraine-neonazi-et-pro-kiev-le-commandant-du-corps-des-volontaires-russes-a-ete-tue-a-zaporijjia-27-12-2025-62G6HBRV3VGHVA2OIKBRQK6AVQ.php\" target=\"_blank\" rel=\"noreferrer noopener\">la mort de son fondateur, le russe Denis Kapustin<\/a>. Ce n\u00e9onazi et anti-Poutine aurait alors \u00e9t\u00e9 tu\u00e9 par un drone alors qu\u2019il menait une mission de combat dans la r\u00e9gion de Zaporijia dans la nuit du samedi 27 d\u00e9cembre, selon son groupe paramilitaire d\u2019extr\u00eame droite combattant aux c\u00f4t\u00e9s des forces ukrainiennes<\/p>\n<p class=\"\">Mais cinq jours plus tard, on apprend qu\u2019il n\u2019en est rien. La Direction principale du renseignement militaire ukrainien (HUR) a d\u00e9clar\u00e9 le 1er janvier sur Telegram que l\u2019op\u00e9ration des services sp\u00e9ciaux russes visant \u00e0 assassiner Denis Kapustin contre une prime de 500 000 dollars avait \u00e9t\u00e9 d\u00e9jou\u00e9e avec succ\u00e8s, rapporte le Kyiv Post.<\/p>\n<p class=\"\">\u00ab Afin de pr\u00e9server la vie du commandant du Corps des volontaires russes au sein de l\u2019unit\u00e9 sp\u00e9ciale Tymur du renseignement de d\u00e9fense ukrainien et de d\u00e9manteler un r\u00e9seau d\u2019agents ennemis, des officiers du renseignement militaire ont men\u00e9 une op\u00e9ration sp\u00e9ciale complexe en plusieurs \u00e9tapes au cours de laquelle sa mort a \u00e9t\u00e9 mise en sc\u00e8ne \u00bb, a indiqu\u00e9 le HUR.<\/p>\n<p>Kiev a empoch\u00e9 les 500 000 dollars de la Russie<\/p>\n<p class=\"\">Les services de renseignement <a href=\"https:\/\/www.leparisien.fr\/international\/ukraine\/\" target=\"_blank\" rel=\"noreferrer noopener\">ukrainiens <\/a>ont \u00e9galement diffus\u00e9 des images produites par des agents du renseignement montrant des frappes de drones sur un minibus \u00e0 bord duquel le commandant \u00e9tait cens\u00e9 se trouver pour duper les Russes, pr\u00e9cise le m\u00e9dia ukrainien Ukrainska Pravda. Dans celle-ci, on y voit un premier drone frapper le minibus, tandis que le second drone filme les suppos\u00e9es \u00ab cons\u00e9quences de la frappe \u00bb, c\u2019est-\u00e0-dire le v\u00e9hicule en flammes.<\/p>\n<p class=\"\">Le HUR a \u00e9galement diffus\u00e9 une vid\u00e9o montrant Denis Kapustin aux c\u00f4t\u00e9s d\u2019un commandant de son unit\u00e9 des forces sp\u00e9ciales Timur qui d\u00e9crit l\u2019op\u00e9ration de contre-espionnage. Le RDK a confirm\u00e9 de son c\u00f4t\u00e9 que l\u2019homme connu sous le nom White Rex \u00e9tait toujours en vie. L\u2019op\u00e9ration de contre-espionnage, qui a dur\u00e9 plus d\u2019un mois, a tromp\u00e9 les services de renseignement russes et a m\u00eame permis \u00e0 l\u2019Ukraine de r\u00e9cup\u00e9rer le demi-million de dollars mis sur sa t\u00eate.<\/p>\n<p class=\"\">\u00ab Nos services ont \u00e9galement obtenu les fonds correspondants allou\u00e9s par les services sp\u00e9ciaux russes pour perp\u00e9trer ce crime. \u00c0 l\u2019heure actuelle, le commandant du RDK se trouve sur le territoire ukrainien et se pr\u00e9pare \u00e0 poursuivre les missions qui lui ont \u00e9t\u00e9 confi\u00e9es \u00bb, a d\u00e9clar\u00e9 l\u2019unit\u00e9 Timur. Le HUR a pr\u00e9cis\u00e9 que cet argent servirait \u00e0 renforcer les capacit\u00e9s des drones ukrainiens face aux forces russes.<\/p>\n<p>Un \u00ab retour \u00e0 la vie \u00bb<\/p>\n<p class=\"\">Le <a href=\"https:\/\/www.leparisien.fr\/international\/la-russie-lance-un-avis-de-recherche-a-lencontre-du-chef-du-renseignement-militaire-ukrainien-14-12-2023-BSY7TFAAH5AZPJB37G6THE7U4Q.php\" target=\"_blank\" rel=\"noreferrer noopener\">lieutenant g\u00e9n\u00e9ral Kyrylo Budanov<\/a>, chef de la HUR, a m\u00eame f\u00e9licit\u00e9 Denis Kapustin pour son \u00ab retour \u00e0 la vie \u00bb. \u00ab Je suis heureux que les fonds obtenus pour ordonner votre liquidation aient servi \u00e0 soutenir notre lutte \u00bb, s\u2019est-il f\u00e9licit\u00e9.<\/p>\n<p class=\"\">\u00ab Mon absence temporaire n\u2019a eu aucune incidence sur la qualit\u00e9 ni sur le succ\u00e8s de l\u2019ex\u00e9cution des missions de combat. Je suis pr\u00eat \u00e0 retourner sur le terrain et \u00e0 reprendre le commandement de l\u2019unit\u00e9 RDK \u00bb, a de son c\u00f4t\u00e9 d\u00e9clar\u00e9 le principal int\u00e9ress\u00e9.<\/p>\n<p class=\"\">Denis Kaputin a fond\u00e9 le RDK au d\u00e9but de l\u2019invasion \u00e0 grande \u00e9chelle de l\u2019Ukraine par la Russie en 2022. Figure controvers\u00e9e et militant anti-Kremlin russe de premier plan en Ukraine, il est interdit de s\u00e9jour dans l\u2019espace Schengen depuis 2019 pour ses positions n\u00e9onazies et son implication dans le hooliganisme du c\u00f4t\u00e9 de l\u2019Allemagne.<\/p>\n","protected":false},"excerpt":{"rendered":"Tout le monde le croyait pourtant mort. Le 27 d\u00e9cembre dernier, le Corps des volontaires russes (RDK) annon\u00e7ait&hellip;\n","protected":false},"author":2,"featured_media":637673,"comment_status":"","ping_status":"","sticky":false,"template":"","format":"standard","meta":{"footnotes":""},"categories":[1590],"tags":[11,1777,674,14,12,220],"class_list":{"0":"post-637672","1":"post","2":"type-post","3":"status-publish","4":"format-standard","5":"has-post-thumbnail","7":"category-ukraine","8":"tag-actualites","9":"tag-eu","10":"tag-europe","11":"tag-international","12":"tag-news","13":"tag-ukraine"},"share_on_mastodon":{"url":"https:\/\/pubeurope.com\/@fr\/115829574484625418","error":""},"_links":{"self":[{"href":"https:\/\/www.europesays.com\/fr\/wp-json\/wp\/v2\/posts\/637672","targetHints":{"allow":["GET"]}}],"collection":[{"href":"https:\/\/www.europesays.com\/fr\/wp-json\/wp\/v2\/posts"}],"about":[{"href":"https:\/\/www.europesays.com\/fr\/wp-json\/wp\/v2\/types\/post"}],"author":[{"embeddable":true,"href":"https:\/\/www.europesays.com\/fr\/wp-json\/wp\/v2\/users\/2"}],"replies":[{"embeddable":true,"href":"https:\/\/www.europesays.com\/fr\/wp-json\/wp\/v2\/comments?post=637672"}],"version-history":[{"count":0,"href":"https:\/\/www.europesays.com\/fr\/wp-json\/wp\/v2\/posts\/637672\/revisions"}],"wp:featuredmedia":[{"embeddable":true,"href":"https:\/\/www.europesays.com\/fr\/wp-json\/wp\/v2\/media\/637673"}],"wp:attachment":[{"href":"https:\/\/www.europesays.com\/fr\/wp-json\/wp\/v2\/media?parent=637672"}],"wp:term":[{"taxonomy":"category","embeddable":true,"href":"https:\/\/www.europesays.com\/fr\/wp-json\/wp\/v2\/categories?post=637672"},{"taxonomy":"post_tag","embeddable":true,"href":"https:\/\/www.europesays.com\/fr\/wp-json\/wp\/v2\/tags?post=637672"}],"curies":[{"name":"wp","href":"https:\/\/api.w.org\/{rel}","templated":true}]}}