{"id":63768,"date":"2025-04-30T07:08:15","date_gmt":"2025-04-30T07:08:15","guid":{"rendered":"https:\/\/www.europesays.com\/fr\/63768\/"},"modified":"2025-04-30T07:08:15","modified_gmt":"2025-04-30T07:08:15","slug":"un-voyage-entre-marseille-et-naples-au-5e-festival-mandolin-du-4-au-7-juillet-2025","status":"publish","type":"post","link":"https:\/\/www.europesays.com\/fr\/63768\/","title":{"rendered":"Un voyage entre Marseille et Naples au 5e festival Mandol&rsquo;in, du 4 au 7 juillet 2025"},"content":{"rendered":"<p>En atteignant cet \u00e9t\u00e9 le cap de la cinqui\u00e8me \u00e9dition, le <a href=\"https:\/\/www.laprovence.com\/article\/region\/19551978624771\/video-comment-marseille-est-devenue-la-capitale-mondiale-de-la-mandoline\" target=\"_blank\" rel=\"noopener\">Mandol\u2019in Marseille Festival continue de faire sa place<\/a> dans le paysage musical en Provence, dont il est une r\u00e9f\u00e9rence de plus en plus solide. Et ce malgr\u00e9 les propos modestes de son directeur d\u00e9l\u00e9gu\u00e9, Maxime Vagner, au moment de pr\u00e9senter l&rsquo;\u00e9dition 2025 il y a quelques jours\u00a0: \u00ab\u00a0C\u2019est encore un tout petit festival qui commence \u00e0 pouvoir exister au milieu des mastodontes qu\u2019on a la chance d\u2019avoir \u00e0 <a href=\"https:\/\/www.laprovence.com\/ville\/marseille\" target=\"_blank\" rel=\"noopener\">Marseille<\/a>\u00ab\u00a0, observait-il, non sans susciter quelques rires parmi les partenaires rassembl\u00e9s ce jour-l\u00e0 au port antique.<\/p>\n<p>Un site o\u00f9 se jouera l\u2019ouverture du rendez-vous le 4\u00a0juillet, avec le concert nocturne La Petite Naples. Parmi les huit musiciens sur sc\u00e8ne figurera <a href=\"https:\/\/www.laprovence.com\/article\/sortie-loisirs\/39180124927331\/la-quatrieme-edition-du-festival-mandolin-marseille-a-lieu-du-4-au-10-juillet-prochain\" target=\"_blank\" rel=\"noopener\">Vincent Beer-Demander, directeur artistique du festival<\/a>, qui annon\u00e7ait la symbolique de cette \u0153uvre\u00a0: \u00ab\u00a0L\u2019histoire des tristes jours de Marseille s\u2019est d\u00e9roul\u00e9e ici, pendant la Seconde Guerre mondiale, avec la <a href=\"https:\/\/www.laprovence.com\/article\/region\/5281414675198214\/rafles-de-1943-a-marseille-il-ne-reste-plus-rien-sauf-la-memoire-82-ans-apres-la-destruction-de-saint-jean\" target=\"_blank\" rel=\"noopener\">destruction du quartier Saint-Jean<\/a> en\u00a01943 lors de l\u2019op\u00e9ration Sultan. Beaucoup de Napolitains, qui y habitaient, ont \u00e9t\u00e9 rafl\u00e9s\u2026\u00a0\u00bb La communion annonc\u00e9e sera sublim\u00e9e par la musique des artistes italiens qui seront pr\u00e9sents. Dont le rappeur Lucariello, \u00ab\u00a0sorte d\u2019homonyme napolitain de notre Akhenaton\u00a0\u00bb, assurait Vincent Beer-Demander.<\/p>\n","protected":false},"excerpt":{"rendered":"En atteignant cet \u00e9t\u00e9 le cap de la cinqui\u00e8me \u00e9dition, le Mandol\u2019in Marseille Festival continue de faire sa&hellip;\n","protected":false},"author":2,"featured_media":63769,"comment_status":"","ping_status":"","sticky":false,"template":"","format":"standard","meta":{"footnotes":""},"categories":[2814],"tags":[17,1111,11,251,2834,1777,674,849,1011,27,2868,16249,884,16248,12,882,25,586],"class_list":{"0":"post-63768","1":"post","2":"type-post","3":"status-publish","4":"format-standard","5":"has-post-thumbnail","7":"category-marseille","8":"tag-17","9":"tag-actu","10":"tag-actualites","11":"tag-culture","12":"tag-entre","13":"tag-eu","14":"tag-europe","15":"tag-festival","16":"tag-fr","17":"tag-france","18":"tag-juillet","19":"tag-mandolin","20":"tag-marseille","21":"tag-naples","22":"tag-news","23":"tag-provence-alpes-cote-dazur","24":"tag-republique-francaise","25":"tag-voyage"},"share_on_mastodon":{"url":"https:\/\/pubeurope.com\/@fr\/114425659599582663","error":""},"_links":{"self":[{"href":"https:\/\/www.europesays.com\/fr\/wp-json\/wp\/v2\/posts\/63768","targetHints":{"allow":["GET"]}}],"collection":[{"href":"https:\/\/www.europesays.com\/fr\/wp-json\/wp\/v2\/posts"}],"about":[{"href":"https:\/\/www.europesays.com\/fr\/wp-json\/wp\/v2\/types\/post"}],"author":[{"embeddable":true,"href":"https:\/\/www.europesays.com\/fr\/wp-json\/wp\/v2\/users\/2"}],"replies":[{"embeddable":true,"href":"https:\/\/www.europesays.com\/fr\/wp-json\/wp\/v2\/comments?post=63768"}],"version-history":[{"count":0,"href":"https:\/\/www.europesays.com\/fr\/wp-json\/wp\/v2\/posts\/63768\/revisions"}],"wp:featuredmedia":[{"embeddable":true,"href":"https:\/\/www.europesays.com\/fr\/wp-json\/wp\/v2\/media\/63769"}],"wp:attachment":[{"href":"https:\/\/www.europesays.com\/fr\/wp-json\/wp\/v2\/media?parent=63768"}],"wp:term":[{"taxonomy":"category","embeddable":true,"href":"https:\/\/www.europesays.com\/fr\/wp-json\/wp\/v2\/categories?post=63768"},{"taxonomy":"post_tag","embeddable":true,"href":"https:\/\/www.europesays.com\/fr\/wp-json\/wp\/v2\/tags?post=63768"}],"curies":[{"name":"wp","href":"https:\/\/api.w.org\/{rel}","templated":true}]}}