{"id":637681,"date":"2026-01-03T05:48:10","date_gmt":"2026-01-03T05:48:10","guid":{"rendered":"https:\/\/www.europesays.com\/fr\/637681\/"},"modified":"2026-01-03T05:48:10","modified_gmt":"2026-01-03T05:48:10","slug":"vingt-cinq-ans-de-stagnation-et-apres","status":"publish","type":"post","link":"https:\/\/www.europesays.com\/fr\/637681\/","title":{"rendered":"vingt-cinq ans de stagnation, et apr\u00e8s ?"},"content":{"rendered":"<p>\u00c0 l\u2019heure o\u00f9 2025 s\u2019ach\u00e8ve, le bilan \u00e9conomique de l\u2019Union europ\u00e9enne a de quoi inqui\u00e9ter. Loin des discours optimistes r\u00e9guli\u00e8rement servis \u00e0 Bruxelles, les chiffres disponibles dressent le portrait d\u2019un continent englu\u00e9 dans une croissance faible, durablement inf\u00e9rieure \u00e0 celle de ses principaux concurrents.<\/p>\n<p>Selon les derni\u00e8res donn\u00e9es publi\u00e9es par\u00a0<strong>Eurostat<\/strong>, la croissance moyenne du produit int\u00e9rieur brut (PIB) de l\u2019Union europ\u00e9enne sur les trois premiers trimestres de 2025 atteint \u00e0 peine 1,48 %. La zone euro fait encore moins bien, avec une progression limit\u00e9e \u00e0 1,35 %. Des niveaux jug\u00e9s insuffisants par de nombreux \u00e9conomistes pour maintenir, \u00e0 long terme, le niveau de vie des populations.<\/p>\n<p>Une majorit\u00e9 d\u2019\u00c9tats sous le seuil critique<\/p>\n<p>Dans le d\u00e9tail, la situation appara\u00eet encore plus pr\u00e9occupante. Sur les 26 \u00c9tats membres dont les chiffres sont comparables (l\u2019Irlande \u00e9tant traditionnellement mise \u00e0 part en raison des distorsions li\u00e9es aux investissements \u00e9trangers), seuls cinq pays d\u00e9passent le seuil de 3 % de croissance, g\u00e9n\u00e9ralement consid\u00e9r\u00e9 comme sain. Neuf \u00c9tats franchissent p\u00e9niblement la barre des 2 %, tandis que onze pays restent sous 1 %.<\/p>\n<p>Parmi ces \u00e9conomies en difficult\u00e9 figurent deux poids lourds du continent : la France et l\u2019Allemagne. Une r\u00e9alit\u00e9 qui illustre la profondeur du malaise \u00e9conomique europ\u00e9en. Or, une croissance inf\u00e9rieure \u00e0 2 % sur une longue p\u00e9riode est souvent associ\u00e9e \u00e0 des sympt\u00f4mes bien connus : ch\u00f4mage des jeunes \u00e9lev\u00e9, consommation priv\u00e9e atone, d\u00e9penses publiques hypertrophi\u00e9es et pression fiscale croissante.<\/p>\n<p>Une stagnation enracin\u00e9e depuis le d\u00e9but des ann\u00e9es 2000<\/p>\n<p>L\u2019analyse sur longue p\u00e9riode ne permet gu\u00e8re d\u2019esp\u00e9rer un retournement rapide. Depuis la fin des ann\u00e9es 1990, l\u2019Union europ\u00e9enne peine \u00e0 retrouver un rythme de croissance soutenu. Apr\u00e8s une moyenne proche de 3 % entre 1996 et 2000, la dynamique s\u2019est progressivement affaiss\u00e9e.<\/p>\n<p>Les crises successives de 2009 et 2013 ont durablement plomb\u00e9 l\u2019activit\u00e9, aboutissant \u00e0 une d\u00e9cennie de croissance proche de 1 %. Un l\u00e9ger redressement entre 2016 et 2019, autour de 2,2 %, a \u00e9t\u00e9 brutalement interrompu par les politiques de confinement li\u00e9es \u00e0 la pand\u00e9mie. Depuis la reprise post-Covid, la croissance moyenne n\u2019exc\u00e8de plus 1,2 %.<\/p>\n<p>Les pr\u00e9visions de la\u00a0<strong>Banque centrale europ\u00e9enne<\/strong>\u00a0confirment cette inertie : 1,4 % en 2025, 1,2 % en 2026 et 1,4 % en 2027. Des chiffres qui traduisent une forme de r\u00e9signation \u00e9conomique, alors m\u00eame que le d\u00e9bat public reste largement domin\u00e9 par d\u2019autres sujets.<\/p>\n<p>L\u2019euro, la d\u00e9pense publique et la contrainte r\u00e9glementaire<\/p>\n<p>Certains observateurs pointent la monnaie unique comme l\u2019un des facteurs de cette atonie. Les r\u00e8gles budg\u00e9taires strictes impos\u00e9es aux \u00c9tats membres de la zone euro favorisent l\u2019\u00e9quilibre comptable plut\u00f4t que l\u2019investissement productif. Si l\u2019euro n\u2019explique pas tout, il a contribu\u00e9 \u00e0 rigidifier les politiques \u00e9conomiques.<\/p>\n<p>\u00c0 cela s\u2019ajoutent des choix structurels lourds : poids croissant des d\u00e9penses publiques, fiscalit\u00e9 \u00e9lev\u00e9e, r\u00e9glementation envahissante et politiques sociales qui d\u00e9couragent parfois l\u2019activit\u00e9. La transition \u00e9cologique, telle qu\u2019elle est conduite aujourd\u2019hui, est \u00e9galement accus\u00e9e de freiner l\u2019investissement industriel, en particulier dans les secteurs \u00e9nergivores.<\/p>\n<p>Les d\u00e9cisions prises en mati\u00e8re de commerce international ont \u00e9galement pes\u00e9 sur l\u2019\u00e9conomie europ\u00e9enne. Les sanctions impos\u00e9es \u00e0 la Russie ont entra\u00een\u00e9 une hausse durable des co\u00fbts \u00e9nerg\u00e9tiques et la perte de d\u00e9bouch\u00e9s commerciaux importants. Pendant ce temps, Moscou a r\u00e9orient\u00e9 ses \u00e9changes vers les pays de la Communaut\u00e9 des \u00c9tats ind\u00e9pendants (CEI), d\u00e9veloppant un commerce d\u00e9sormais bien sup\u00e9rieur \u00e0 celui qu\u2019elle entretient avec l\u2019Union europ\u00e9enne, et largement affranchi des monnaies occidentales.<\/p>\n<p>Si des arguments moraux sont avanc\u00e9s pour justifier ces sanctions, leur efficacit\u00e9 \u00e9conomique et strat\u00e9gique reste discut\u00e9e, notamment au regard de leurs effets sur les entreprises et les m\u00e9nages europ\u00e9ens.<\/p>\n<p>Vers un r\u00e9veil\u2026 ou un d\u00e9clin assum\u00e9 ?<\/p>\n<p>Face \u00e0 ce constat, certains appellent \u00e0 une remise \u00e0 plat compl\u00e8te des politiques \u00e9conomiques europ\u00e9ennes. L\u2019id\u00e9e d\u2019une commission ind\u00e9pendante, compos\u00e9e d\u2019\u00e9conomistes, d\u2019entrepreneurs et d\u2019analystes ext\u00e9rieurs aux cercles bruxellois, revient avec insistance. Objectif : repenser en profondeur les priorit\u00e9s \u00e9conomiques du continent.<\/p>\n<p>Car sans inflexion majeure, l\u2019Union europ\u00e9enne semble promise \u00e0 une stagnation prolong\u00e9e, synonyme d\u2019\u00e9rosion progressive du niveau de vie et de perte d\u2019influence sur la sc\u00e8ne mondiale. Une perspective d\u2019autant plus inqui\u00e9tante que, pour l\u2019instant, la question reste largement absente du d\u00e9bat public dominant.<\/p>\n<p>Illustration : DR<br \/>[cc] Article relu et corrig\u00e9 (orthographe, syntaxe) par ChatGPT.<\/p>\n<p>Breizh-info.com, 2026, d\u00e9p\u00eaches libres de copie et de diffusion sous r\u00e9serve de mention et de lien vers la source d\u2019origine..<\/p>\n","protected":false},"excerpt":{"rendered":"\u00c0 l\u2019heure o\u00f9 2025 s\u2019ach\u00e8ve, le bilan \u00e9conomique de l\u2019Union europ\u00e9enne a de quoi inqui\u00e9ter. Loin des discours&hellip;\n","protected":false},"author":2,"featured_media":229661,"comment_status":"","ping_status":"","sticky":false,"template":"","format":"standard","meta":{"footnotes":""},"categories":[1586],"tags":[11,8410,74464,16955,30559,893,1777,450,674,1779,1011,27,12,6311,25,14136,74465,1778,364,8408],"class_list":{"0":"post-637681","1":"post","2":"type-post","3":"status-publish","4":"format-standard","5":"has-post-thumbnail","7":"category-europe","8":"tag-actualites","9":"tag-croissance-economique","10":"tag-declin-economique-europeen","11":"tag-depenses-publiques","12":"tag-economie-europeenne","13":"tag-energie","14":"tag-eu","15":"tag-euro","16":"tag-europe","17":"tag-european-union","18":"tag-fr","19":"tag-france","20":"tag-news","21":"tag-pib","22":"tag-republique-francaise","23":"tag-sanctions-contre-la-russie","24":"tag-stagnation-economique","25":"tag-ue","26":"tag-union-europeenne","27":"tag-zone-euro"},"share_on_mastodon":{"url":"https:\/\/pubeurope.com\/@fr\/115829598009762490","error":""},"_links":{"self":[{"href":"https:\/\/www.europesays.com\/fr\/wp-json\/wp\/v2\/posts\/637681","targetHints":{"allow":["GET"]}}],"collection":[{"href":"https:\/\/www.europesays.com\/fr\/wp-json\/wp\/v2\/posts"}],"about":[{"href":"https:\/\/www.europesays.com\/fr\/wp-json\/wp\/v2\/types\/post"}],"author":[{"embeddable":true,"href":"https:\/\/www.europesays.com\/fr\/wp-json\/wp\/v2\/users\/2"}],"replies":[{"embeddable":true,"href":"https:\/\/www.europesays.com\/fr\/wp-json\/wp\/v2\/comments?post=637681"}],"version-history":[{"count":0,"href":"https:\/\/www.europesays.com\/fr\/wp-json\/wp\/v2\/posts\/637681\/revisions"}],"wp:featuredmedia":[{"embeddable":true,"href":"https:\/\/www.europesays.com\/fr\/wp-json\/wp\/v2\/media\/229661"}],"wp:attachment":[{"href":"https:\/\/www.europesays.com\/fr\/wp-json\/wp\/v2\/media?parent=637681"}],"wp:term":[{"taxonomy":"category","embeddable":true,"href":"https:\/\/www.europesays.com\/fr\/wp-json\/wp\/v2\/categories?post=637681"},{"taxonomy":"post_tag","embeddable":true,"href":"https:\/\/www.europesays.com\/fr\/wp-json\/wp\/v2\/tags?post=637681"}],"curies":[{"name":"wp","href":"https:\/\/api.w.org\/{rel}","templated":true}]}}