{"id":637688,"date":"2026-01-03T05:53:10","date_gmt":"2026-01-03T05:53:10","guid":{"rendered":"https:\/\/www.europesays.com\/fr\/637688\/"},"modified":"2026-01-03T05:53:10","modified_gmt":"2026-01-03T05:53:10","slug":"la-situation-globale-est-positive-cedric-enard-tire-le-bilan-de-la-premiere-partie-de-saison-de-lalterna-stade-poitevin","status":"publish","type":"post","link":"https:\/\/www.europesays.com\/fr\/637688\/","title":{"rendered":"\u00ab\u00a0La situation globale est positive\u00a0\u00bb, C\u00e9dric Enard tire le bilan de la premi\u00e8re partie de saison de l\u2019Alterna Stade Poitevin"},"content":{"rendered":"<p><strong>Plessis-Robinson\u00a0&#8211; Alterna Stade Poitevin<\/strong><\/p>\n<p>Le calendrier de MSL n\u2019a beau laisser que peu de r\u00e9pit \u00e0 l\u2019Alterna Stade Poitevin et aux autres \u00e9quipes fran\u00e7aises, il faut parfois \u00eatre capable d\u2019appuyer sur le bouton \u00ab\u00a0pause\u00a0\u00bb. Au moins pour tirer le bilan de la premi\u00e8re partie de saison. Et m\u00eame si Dan Lewis et ses prot\u00e9g\u00e9s sont attendus d\u00e8s ce samedi au Plessis-Robinson apr\u00e8s leur d\u00e9faite contre Tourcoing (2-3), mardi, cela n\u2019a pas emp\u00each\u00e9 C\u00e9dric Enard d\u2019analyser la phase aller de son club, cinqui\u00e8me \u00e0 mi-parcours de la saison r\u00e9guli\u00e8re avec six victoires et sept d\u00e9faites. En tirant un premier constat\u00a0: l\u2019Alterna Stade Poitevin n\u2019a jamais \u00e9t\u00e9 en mesure de s\u2019appuyer sur toutes ses forces vives depuis le 21\u00a0octobre et la 1re\u00a0journ\u00e9e \u00e0 Saint-Nazaire&#8230;. <\/p>\n<p>    Cet article a \u00e9t\u00e9 tronqu\u00e9. Abonnez-vous pour lire l&rsquo;article complet sur notre site.<\/p>\n<p style=\"margin: 0 !important; padding: 0 !important; font-size: 12px !important;\">Cet article a \u00e9t\u00e9 tronqu\u00e9. Abonnez-vous pour lire l&rsquo;article complet.<\/p>\n<p>    <a href=\"https:\/\/www.lanouvellerepublique.fr\/abonnements\" style=\"display: inline-block; margin-top: 5px !important; padding: 6px 12px !important; background: #cb1c27; color: white; text-decoration: none; border-radius: 4px; font-size: 12px !important;\" target=\"_blank\" rel=\"noopener\"><br \/>\n      S&rsquo;abonner<br \/>\n    <\/a><\/p>\n","protected":false},"excerpt":{"rendered":"Plessis-Robinson\u00a0&#8211; Alterna Stade Poitevin Le calendrier de MSL n\u2019a beau laisser que peu de r\u00e9pit \u00e0 l\u2019Alterna Stade&hellip;\n","protected":false},"author":2,"featured_media":637689,"comment_status":"","ping_status":"","sticky":false,"template":"","format":"standard","meta":{"footnotes":""},"categories":[1417],"tags":[1392,1654,1011,27,1655,1653,60,1584,1470,1469],"class_list":{"0":"post-637688","1":"post","2":"type-post","3":"status-publish","4":"format-standard","5":"has-post-thumbnail","7":"category-volley","8":"tag-a-la-une-local","9":"tag-alterna-stade-poitevin-volley-ball","10":"tag-fr","11":"tag-france","12":"tag-ligue-a","13":"tag-poitiers","14":"tag-sports","15":"tag-vienne","16":"tag-volley","17":"tag-volleyball"},"share_on_mastodon":{"url":"https:\/\/pubeurope.com\/@fr\/115829617656693219","error":""},"_links":{"self":[{"href":"https:\/\/www.europesays.com\/fr\/wp-json\/wp\/v2\/posts\/637688","targetHints":{"allow":["GET"]}}],"collection":[{"href":"https:\/\/www.europesays.com\/fr\/wp-json\/wp\/v2\/posts"}],"about":[{"href":"https:\/\/www.europesays.com\/fr\/wp-json\/wp\/v2\/types\/post"}],"author":[{"embeddable":true,"href":"https:\/\/www.europesays.com\/fr\/wp-json\/wp\/v2\/users\/2"}],"replies":[{"embeddable":true,"href":"https:\/\/www.europesays.com\/fr\/wp-json\/wp\/v2\/comments?post=637688"}],"version-history":[{"count":0,"href":"https:\/\/www.europesays.com\/fr\/wp-json\/wp\/v2\/posts\/637688\/revisions"}],"wp:featuredmedia":[{"embeddable":true,"href":"https:\/\/www.europesays.com\/fr\/wp-json\/wp\/v2\/media\/637689"}],"wp:attachment":[{"href":"https:\/\/www.europesays.com\/fr\/wp-json\/wp\/v2\/media?parent=637688"}],"wp:term":[{"taxonomy":"category","embeddable":true,"href":"https:\/\/www.europesays.com\/fr\/wp-json\/wp\/v2\/categories?post=637688"},{"taxonomy":"post_tag","embeddable":true,"href":"https:\/\/www.europesays.com\/fr\/wp-json\/wp\/v2\/tags?post=637688"}],"curies":[{"name":"wp","href":"https:\/\/api.w.org\/{rel}","templated":true}]}}