{"id":637700,"date":"2026-01-03T06:02:39","date_gmt":"2026-01-03T06:02:39","guid":{"rendered":"https:\/\/www.europesays.com\/fr\/637700\/"},"modified":"2026-01-03T06:02:39","modified_gmt":"2026-01-03T06:02:39","slug":"video-ces-maisons-ont-une-ame-gabriel-pagnerre-un-architecte-hors-norme-du-debut-du-xxe-siecle","status":"publish","type":"post","link":"https:\/\/www.europesays.com\/fr\/637700\/","title":{"rendered":"VID\u00c9O &#8211; \u00ab\u00a0Ces maisons ont une \u00e2me \u00a0\u00bb : Gabriel Pagnerre, un architecte hors-norme du d\u00e9but du XXe si\u00e8cle\u00a0"},"content":{"rendered":"<p>Cet architecte discret mais visionnaire a notamment marqu\u00e9 le paysage urbain de Mons-en-Bar\u0153ul dans le Nord. Prolifique au d\u00e9but du XXe si\u00e8cle, il a su m\u00ealer Art nouveau et modernit\u00e9 dans des constructions aussi vari\u00e9es qu&rsquo;\u00e9l\u00e9gantes. Un parcours fl\u00e9ch\u00e9 permet au promeneur de les d\u00e9couvrir.<\/p>\n<p>C\u2019est un patrimoine architectural qui s\u00e9duit les amoureux d\u2019Art Nouveau. A Mons-en-Bar\u0153ul (Nord), les villas \u00e9difi\u00e9es par Gabriel Pagnerre au d\u00e9but du XXe si\u00e8cle sont de v\u00e9ritables petits bijoux, tr\u00e8s pris\u00e9s des amateurs de belles pierres.<\/p>\n<p><a href=\"https:\/\/www.youtube.com\/watch?v=aF62JWYd3Mw\" target=\"_blank\" rel=\"noopener noreferrer\" class=\"Youtube svelte-isxgy6\" style=\"background-image: url(https:\/\/i.ytimg.com\/vi\/aF62JWYd3Mw\/sddefault.jpg);\"><\/p>\n<p>ON VOUS EMMENE PAGNERRE<\/p>\n<p> <\/a> Pratique et esth\u00e9tique<\/p>\n<p>Aussit\u00f4t apr\u00e8s avoir d\u00e9couvert l&rsquo;annonce sur un site immobilier, Thomas et Beno\u00eet sont tomb\u00e9s sous le charme de la villa Saint-Luc. Elle deviendra leur maison \u00e0 Mons-en-Bar\u0153ul. L&rsquo;habitation a \u00e9t\u00e9 construite en 1909 par Gabriel Pagnerre, un architecte avant-gardiste et humaniste qu&rsquo;ils ont appris \u00e0 conna\u00eetre.\u00a0<strong>\u00ab<\/strong>\u00a0Il cherchait le c\u00f4t\u00e9 pratique et le fait qu&rsquo;on puisse bien vivre, mais aussi le beau et l&rsquo;esth\u00e9tique. On est vraiment \u00e0 la liaison entre la maison bourgeoise Second Empire, style Napol\u00e9on III, donc fin XIXe et puis le d\u00e9but de l&rsquo;Art nouveau au d\u00e9but du XXe si\u00e8cle\u00a0\u00bb,\u00a0explique Thomas Sanchez.<\/p>\n<p> <img decoding=\"async\" src=\"https:\/\/www.europesays.com\/fr\/wp-content\/uploads\/2026\/01\/1767420156_579_1280.jpeg\" alt=\"illustration agrandir l'image\" style=\"--_image-preview:url('data:image\/jpeg;base64,\/9j\/2wBDACgcHiMeGSgjISMtKygwPGRBPDc3PHtYXUlkkYCZlo+AjIqgtObDoKrarYqMyP\/L2u71\/\/\/\/m8H\/\/\/\/6\/+b9\/\/j\/2wBDASstLTw1PHZBQXb4pYyl+Pj4+Pj4+Pj4+Pj4+Pj4+Pj4+Pj4+Pj4+Pj4+Pj4+Pj4+Pj4+Pj4+Pj4+Pj4+Pj4+Pj\/wAARCAAXACoDASIAAhEBAxEB\/8QAFwAAAwEAAAAAAAAAAAAAAAAAAAIDAf\/EABgQAQEBAQEAAAAAAAAAAAAAAAABAhES\/8QAFQEBAQAAAAAAAAAAAAAAAAAAAAH\/xAAUEQEAAAAAAAAAAAAAAAAAAAAA\/9oADAMBAAIRAxEAPwCOVInmm6ga1PVFqeqKLpnolpegtNG9AAy1PVARSUoCj\/\/Z');\" loading=\"lazy\" fetchpriority=\"low\" class=\"svelte-1cksh76 rounded\" onload=\"this.__e=event\" onerror=\"this.__e=event\"\/> L&rsquo;int\u00e9rieur de la villa Saint-Luc \u00a9 France T\u00e9l\u00e9visions &#8211; L. Navez \/ F. Giltay  <\/p>\n<p>Une maison avec une \u00e2me et beaucoup de caract\u00e8re, disent aussi ces propri\u00e9taires. Ils profitent encore de nombreux \u00e9l\u00e9ments de d\u00e9coration d&rsquo;origine\u00a0: les lustres, les barres \u00e0 rideaux, les parquets, et m\u00eame des vitraux dans l&rsquo;ancien jardin d&rsquo;hiver devenu salle \u00e0 manger.<\/p>\n<p>Des d\u00e9tails qui \u00e9voquent la franc-ma\u00e7onnerie<\/p>\n<p>Sur le plan architectural, les d\u00e9tails les plus remarquables sont \u00e0 l&rsquo;ext\u00e9rieur, sur cette fa\u00e7ade au style baln\u00e9aire, orn\u00e9e de mosa\u00efques et de c\u00e9ramiques, on y d\u00e9couvre aussi de nombreux symboles.<\/p>\n<p><strong>\u00ab<\/strong>\u00a0Gabriel Pagnerre qui a dessin\u00e9 cette fa\u00e7ade \u00e9tait franc-ma\u00e7on et donc il y a gliss\u00e9 des petits symboles francs-ma\u00e7ons. Il y a notamment les petites spirales qui sont dans les ferronneries et tout est \u00e0 base de 3,5 ou7\u00a0\u00bb, d\u00e9taille Beno\u00eet Bonnaillie, propri\u00e9taire de la villa Saint-Luc. <strong>\u00ab<\/strong>\u00a0Ce sont les rites initiatiques dans la franc-ma\u00e7onnerie, tout comme la spirale, qui \u00e9voque le long chemin initiatique avant de\u00a0vraiment pouvoir \u00eatre int\u00e9grer la Franc-ma\u00e7onnerie\u00a0\u00bb, ajoute Thomas.<\/p>\n<p> <img decoding=\"async\" src=\"https:\/\/www.europesays.com\/fr\/wp-content\/uploads\/2026\/01\/1767420157_97_1280.jpeg\" alt=\"illustration agrandir l'image\" style=\"--_image-preview:url('data:image\/jpeg;base64,\/9j\/2wBDACgcHiMeGSgjISMtKygwPGRBPDc3PHtYXUlkkYCZlo+AjIqgtObDoKrarYqMyP\/L2u71\/\/\/\/m8H\/\/\/\/6\/+b9\/\/j\/2wBDASstLTw1PHZBQXb4pYyl+Pj4+Pj4+Pj4+Pj4+Pj4+Pj4+Pj4+Pj4+Pj4+Pj4+Pj4+Pj4+Pj4+Pj4+Pj4+Pj4+Pj\/wAARCAAXACoDASIAAhEBAxEB\/8QAGAAAAwEBAAAAAAAAAAAAAAAAAAEDAgT\/xAAXEAEBAQEAAAAAAAAAAAAAAAAAAQIR\/8QAFgEBAQEAAAAAAAAAAAAAAAAAAQAC\/8QAFREBAQAAAAAAAAAAAAAAAAAAAAH\/2gAMAwEAAhEDEQA\/AOjSOl9RLUBSsPMOw5Em8RVjMU4gNROwBUxjhyABpTMbALL\/2Q==');\" loading=\"lazy\" fetchpriority=\"low\" class=\"svelte-1cksh76 rounded\" onload=\"this.__e=event\" onerror=\"this.__e=event\"\/> Des d\u00e9tails de la franc-ma\u00e7onnerie sont pr\u00e9sents partout dans les \u0153uvres de Gabriel Pagnerre \u00a9 France T\u00e9l\u00e9visions &#8211; L. Navez \/ F. Giltay  Un parcours Pagnerre<\/p>\n<p>Un peu plus loin dans la rue, d&rsquo;autres maisons Pagnerre attirent le regard du curieux. Mons-en-Bar\u0153ul en comptes 80. Thomas Sanchez et Beno\u00eet Bonnaillie sont litt\u00e9ralement tomb\u00e9s sous le charme des r\u00e9alisations de cet architecte nordiste n\u00e9 \u00e0 Petite-Synthe en 1874. A tel point qu\u2019ils ont d\u00e9cid\u00e9 de cr\u00e9er un tout nouveau circuit dans les rues de la ville.<\/p>\n<p> <img decoding=\"async\" src=\"https:\/\/www.europesays.com\/fr\/wp-content\/uploads\/2026\/01\/1767420158_182_1280.jpeg\" alt=\"illustration agrandir l'image\" style=\"--_image-preview:url('data:image\/jpeg;base64,\/9j\/2wBDACgcHiMeGSgjISMtKygwPGRBPDc3PHtYXUlkkYCZlo+AjIqgtObDoKrarYqMyP\/L2u71\/\/\/\/m8H\/\/\/\/6\/+b9\/\/j\/2wBDASstLTw1PHZBQXb4pYyl+Pj4+Pj4+Pj4+Pj4+Pj4+Pj4+Pj4+Pj4+Pj4+Pj4+Pj4+Pj4+Pj4+Pj4+Pj4+Pj4+Pj\/wAARCAAXACoDASIAAhEBAxEB\/8QAGAABAAMBAAAAAAAAAAAAAAAAAAECAwT\/xAAYEAEAAwEAAAAAAAAAAAAAAAAAARESAv\/EABUBAQEAAAAAAAAAAAAAAAAAAAEA\/8QAFBEBAAAAAAAAAAAAAAAAAAAAAP\/aAAwDAQACEQMRAD8AWWrMq2C1jpaOmGk6IdGzbDZsE6ZzIEIssEkWWCT\/2Q==');\" loading=\"lazy\" fetchpriority=\"low\" class=\"svelte-1cksh76 rounded\" onload=\"this.__e=event\" onerror=\"this.__e=event\"\/> Thomas Sanchez et Beno\u00eet Bonnaillie ont cr\u00e9\u00e9 un parcours Pagnerre \u00e0 Mons-en-Bar\u0153ul pour d\u00e9couvrir ces villas \u00a9 France T\u00e9l\u00e9visions &#8211; L. Navez \/ F. Giltay  <\/p>\n<p>Le parcours propose cinq totems diss\u00e9min\u00e9s aux points strat\u00e9giques de Mons-en-Bar\u0153ul. Chaque totem est \u00e9quip\u00e9 d\u2019un QR code qui permet de se connecter au site de la ville pour obtenir des informations approfondies sur chaque villa.<\/p>\n<p>L&rsquo;\u00e2me des villas Pagnerre<\/p>\n<p>En suivant la piste, pas besoin de marcher longtemps pour d\u00e9couvrir le Vert Cottage. Une \u0153uvre embl\u00e9matique de l&rsquo;architecte construite en 1912, un exemple remarquable du style Arts and Crafts, inspir\u00e9 des mouvements anglais.<\/p>\n<p><strong>\u00ab<\/strong>\u00a0C&rsquo;\u00e9tait le bureau de Pagnerre \u00e0 l&rsquo;\u00e9poque, o\u00f9 il travaillait et recevait sa client\u00e8le ici\u00a0\u00bb, explique sa propri\u00e9taire qui a eu un vrai coup de foudre. Dans la maison, les m\u00eames influences franc-ma\u00e7onniques. Des vitraux exceptionnels, \u00e0 l&rsquo;\u00e9poque\u00a0fabriqu\u00e9s \u00e0 l&rsquo;arsenic\u00a0 Des petits tr\u00e9sors, mais surtout un bien-\u00eatre imm\u00e9diat.<\/p>\n<p> <img decoding=\"async\" src=\"https:\/\/www.europesays.com\/fr\/wp-content\/uploads\/2026\/01\/1767420159_447_1280.jpeg\" alt=\"illustration agrandir l'image\" style=\"--_image-preview:url('data:image\/jpeg;base64,\/9j\/2wBDACgcHiMeGSgjISMtKygwPGRBPDc3PHtYXUlkkYCZlo+AjIqgtObDoKrarYqMyP\/L2u71\/\/\/\/m8H\/\/\/\/6\/+b9\/\/j\/2wBDASstLTw1PHZBQXb4pYyl+Pj4+Pj4+Pj4+Pj4+Pj4+Pj4+Pj4+Pj4+Pj4+Pj4+Pj4+Pj4+Pj4+Pj4+Pj4+Pj4+Pj\/wAARCAAXACoDASIAAhEBAxEB\/8QAFwAAAwEAAAAAAAAAAAAAAAAAAAECA\/\/EABgQAQEBAQEAAAAAAAAAAAAAAAABEQIS\/8QAFgEBAQEAAAAAAAAAAAAAAAAAAAEC\/8QAFBEBAAAAAAAAAAAAAAAAAAAAAP\/aAAwDAQACEQMRAD8Az6jOxeky0z8nOV4eAmcqw5FCMZVSgKKAAGYAP\/\/Z');\" loading=\"lazy\" fetchpriority=\"low\" class=\"svelte-1cksh76 rounded\" onload=\"this.__e=event\" onerror=\"this.__e=event\"\/> L&rsquo;int\u00e9rieur du Vert Cottage de Gabriel Pagnerre \u00a9 France T\u00e9l\u00e9visions &#8211; L. Navez \/ F. Giltay  <\/p>\n<p><strong>\u00ab<\/strong>\u00a0En passant le pas de la porte, il y a quelque chose de l&rsquo;ordre d&rsquo;une \u00e9motion tr\u00e8s forte qui s&rsquo;est pass\u00e9e. J&rsquo;avais l&rsquo;impression d&rsquo;\u00eatre chez moi. On dit que les maisons Pagnerre ont une \u00e2me, alors c&rsquo;est peut-\u00eatre \u00e7a\u00a0\u00bb, confie Marie de Barbarin, propri\u00e9taire du Vert Cottage.<\/p>\n<p>Tous ces petites p\u00e9pites d\u2019architecture sont ouvertes au public lors des Journ\u00e9es du patrimoine. Vu l&rsquo;\u00e9norme succ\u00e8s cette ann\u00e9e, mieux vaut r\u00e9server d\u00e8s que possible pour 2026.<\/p>\n<p><a target=\"_blank\" rel=\"external noopener\" class=\"IciLink ici-link IciArticleLink g-ici-body-regular-1 underline brand svelte-1chfe2s\" href=\"https:\/\/www.france.tv\/france-3\/on-vous-emmene-ici\/\"><strong>\u00ab\u00a0On vous emm\u00e8ne\u00a0\u00bb<\/strong><\/a>\u00a0est une \u00e9mission de d\u00e9couverte du patrimoine qui r\u00e9v\u00e8le les tr\u00e9sors cach\u00e9s et embl\u00e9matiques de nos r\u00e9gions. Chaque \u00e9pisode de 7 minutes, tous les soirs dans votre 19\/20, vous invite \u00e0 un voyage immersif au c\u0153ur d&rsquo;un site exceptionnel, m\u00ealant histoire, culture, nature et \u00e9motion.\u00a0<strong>\u00ab\u00a0On vous emm\u00e8ne\u00a0\u00bb<\/strong>\u00a0\u00e0 retrouver sur\u00a0<a target=\"_blank\" rel=\"external noopener\" class=\"IciLink ici-link IciArticleLink g-ici-body-regular-1 underline brand svelte-1chfe2s\" href=\"https:\/\/www.france.tv\/collection\/ici-19-20\/\">France.tv<\/a>.<\/p>\n","protected":false},"excerpt":{"rendered":"Cet architecte discret mais visionnaire a notamment marqu\u00e9 le paysage urbain de Mons-en-Bar\u0153ul dans le Nord. Prolifique au&hellip;\n","protected":false},"author":2,"featured_media":637701,"comment_status":"","ping_status":"","sticky":false,"template":"","format":"standard","meta":{"footnotes":""},"categories":[1358],"tags":[1348,1384,1385,1386,58,59,1011,27],"class_list":{"0":"post-637700","1":"post","2":"type-post","3":"status-publish","4":"format-standard","5":"has-post-thumbnail","7":"category-arts-et-design","8":"tag-arts","9":"tag-arts-and-design","10":"tag-arts-et-design","11":"tag-design","12":"tag-divertissement","13":"tag-entertainment","14":"tag-fr","15":"tag-france"},"share_on_mastodon":{"url":"https:\/\/pubeurope.com\/@fr\/115829653212363718","error":""},"_links":{"self":[{"href":"https:\/\/www.europesays.com\/fr\/wp-json\/wp\/v2\/posts\/637700","targetHints":{"allow":["GET"]}}],"collection":[{"href":"https:\/\/www.europesays.com\/fr\/wp-json\/wp\/v2\/posts"}],"about":[{"href":"https:\/\/www.europesays.com\/fr\/wp-json\/wp\/v2\/types\/post"}],"author":[{"embeddable":true,"href":"https:\/\/www.europesays.com\/fr\/wp-json\/wp\/v2\/users\/2"}],"replies":[{"embeddable":true,"href":"https:\/\/www.europesays.com\/fr\/wp-json\/wp\/v2\/comments?post=637700"}],"version-history":[{"count":0,"href":"https:\/\/www.europesays.com\/fr\/wp-json\/wp\/v2\/posts\/637700\/revisions"}],"wp:featuredmedia":[{"embeddable":true,"href":"https:\/\/www.europesays.com\/fr\/wp-json\/wp\/v2\/media\/637701"}],"wp:attachment":[{"href":"https:\/\/www.europesays.com\/fr\/wp-json\/wp\/v2\/media?parent=637700"}],"wp:term":[{"taxonomy":"category","embeddable":true,"href":"https:\/\/www.europesays.com\/fr\/wp-json\/wp\/v2\/categories?post=637700"},{"taxonomy":"post_tag","embeddable":true,"href":"https:\/\/www.europesays.com\/fr\/wp-json\/wp\/v2\/tags?post=637700"}],"curies":[{"name":"wp","href":"https:\/\/api.w.org\/{rel}","templated":true}]}}