{"id":637702,"date":"2026-01-03T06:04:12","date_gmt":"2026-01-03T06:04:12","guid":{"rendered":"https:\/\/www.europesays.com\/fr\/637702\/"},"modified":"2026-01-03T06:04:12","modified_gmt":"2026-01-03T06:04:12","slug":"qui-sont-les-invites-de-frederic-lopez-dans-un-dimanche-a-la-campagne-pour-son-retour","status":"publish","type":"post","link":"https:\/\/www.europesays.com\/fr\/637702\/","title":{"rendered":"Qui sont les invit\u00e9s de Fr\u00e9d\u00e9ric Lopez dans \u00abUn dimanche \u00e0 la campagne\u00bb pour son retour ?"},"content":{"rendered":"<p>    Fr\u00e9d\u00e9ric Lopez<br \/>\n                Ingrid MARESKI &#8211; France T\u00e9l\u00e9visions<\/p>\n<p>\n    Apr\u00e8s une pause dans la diffusion d\u2019\u00e9pisodes in\u00e9dits durant les f\u00eates, l\u2019\u00e9mission dominicale est de retour ce 4 janvier avec une salve de trois nouveaux invit\u00e9s.<\/p>\n<p class=\"fig-paragraph\">Qui dit nouvelle ann\u00e9e dit nouveaux \u00e9pisodes d\u2019<a href=\"https:\/\/www.lefigaro.fr\/tag\/un-dimanche-a-la-campagne\" target=\"_blank\" rel=\"nofollow noopener\" data-gtm-custom-categorie=\"navigation\" data-gtm-custom-action=\"crossclick\" data-gtm-custom-label=\"Contextuel\" data-gtm-event=\"customEventSPE\">\u00abUn dimanche \u00e0 la campagne\u00bb<\/a>. Apr\u00e8s une pause d\u2019un mois dans la programmation de l\u2019\u00e9mission,\u00a0<a href=\"https:\/\/www.lefigaro.fr\/tag\/frederic-lopez\" target=\"_blank\" rel=\"nofollow noopener\" data-gtm-custom-categorie=\"navigation\" data-gtm-custom-action=\"crossclick\" data-gtm-custom-label=\"Contextuel\" data-gtm-event=\"customEventSPE\">Fr\u00e9d\u00e9ric Lopez\u00a0<\/a>revient en 2026 avec son programme testimonial. Bien que les aficionados aient pu se consoler de cette absence en revisionnant des anciens num\u00e9ros propos\u00e9s en best-of ces derni\u00e8res semaines, ils retrouveront le pr\u00e9sentateur pour de nouvelles aventures d\u00e8s 16 heures sur\u00a0<a href=\"https:\/\/tvmag.lefigaro.fr\/programme-tv\/chaine\/4\/tous-les-programmes-de-france-2\" target=\"_blank\" rel=\"nofollow noopener\" data-gtm-custom-categorie=\"navigation\" data-gtm-custom-action=\"crossclick\" data-gtm-custom-label=\"Contextuel\" data-gtm-event=\"customEventSPE\">France 2<\/a>.<\/p>\n<p class=\"fig-paragraph\">L\u2019animateur accueillera, pour une parenth\u00e8se hors du temps, dans sa maison de campagne, trois nouveaux invit\u00e9s. Pour cette reprise, le casting est comme \u00e0 son habitude aussi \u00e9clectique que possible. Actrice, chanteur et chef se m\u00ealeront autour de Fr\u00e9d\u00e9ric Lopez lors de deux jours \u00e0 la campagne.<\/p>\n<p class=\"fig-body-link\">\n            \u00c0 lire aussi<br \/>\n        <a class=\"fig-body-link__link fig-premium-mark\" href=\"http:\/\/tvmag.lefigaro.fr\/programme-tv\/actu-tele\/son-enfance-son-besoin-de-donner-de-l-espoir-son-dimanche-ideal-les-confidences-de-frederic-lopez-20241121\" target=\"_blank\" data-fig-type=\"Article\" rel=\"noopener\" data-gtm-custom-categorie=\"navigation\" data-gtm-custom-action=\"crossclick\" data-gtm-custom-label=\"Contextuel\" data-gtm-event=\"customEventSPE\" data-fig-domain=\"TVMAG\"><\/p>\n<p>        Ses traumas, sa th\u00e9rapie, son besoin de donner de l\u2019espoir&#8230; Les confidences de Fr\u00e9d\u00e9ric Lopez<br \/>\n    <\/a>\n<\/p>\n<p>                                                                <a class=\"fig-a11y-skip\" href=\"#fig-a11y-skip-main-inarticle\" data-module=\"a11y-skip\" data-context=\"was @visible\"><br \/>\n    Passer la publicit\u00e9<br \/>\n<\/a>            <\/p>\n<p class=\"fig-paragraph\">En l\u2019occurrence, ce dimanche 4 janvier, il s\u2019agira de la com\u00e9dienne\u00a0<a href=\"https:\/\/www.lefigaro.fr\/tag\/catherine-jacob\" target=\"_blank\" rel=\"nofollow noopener\" data-gtm-custom-categorie=\"navigation\" data-gtm-custom-action=\"crossclick\" data-gtm-custom-label=\"Contextuel\" data-gtm-event=\"customEventSPE\">Catherine Jacob<\/a>\u00a0r\u00e9cemment intervenue dans le nouveau format de Cyril Lignac imagin\u00e9 de concert avec Fr\u00e9d\u00e9ric Lopez,\u00a0<a href=\"http:\/\/tvmag.lefigaro.fr\/programme-tv\/ce-soir-tele\/cyril-lignac-devoile-sa-nouvelle-emission-sur-m6-un-moment-de-partage-entre-copains-20251120\" data-fig-type=\"Article\" data-gtm-custom-categorie=\"navigation\" data-gtm-custom-action=\"crossclick\" data-gtm-custom-label=\"Contextuel\" data-gtm-event=\"customEventSPE\" data-fig-domain=\"TVMAG\" target=\"_blank\" rel=\"noopener\">\u00abRendez-vous chez Cyril Lignac\u00bb<\/a>. La femme de 69 ans reviendra sur son enfance, dans la s\u00e9quence de la grange, mais \u00e9galement sur sa carri\u00e8re dans des films puis au petit \u00e9cran.<\/p>\n<p class=\"fig-paragraph\">Elle sera accompagn\u00e9e pour l\u2019occasion du chanteur\u00a0<a href=\"https:\/\/www.lefigaro.fr\/tag\/frederic-francois\" target=\"_blank\" rel=\"nofollow noopener\" data-gtm-custom-categorie=\"navigation\" data-gtm-custom-action=\"crossclick\" data-gtm-custom-label=\"Contextuel\" data-gtm-event=\"customEventSPE\">Fr\u00e9d\u00e9ric Fran\u00e7ois<\/a>. L\u2019homme de 75 ans d\u2019origine sicilienne abordera son large succ\u00e8s, Je t\u2019aime \u00e0 l\u2019italienne et le reste de sa carri\u00e8re qui se poursuit encore aujourd\u2019hui avec la sortie au printemps dernier de deux albums. Enfin, le casting sera compl\u00e9t\u00e9 par le grand nom de la p\u00e2tisserie fran\u00e7aise,\u00a0<a href=\"https:\/\/www.lefigaro.fr\/tag\/yann-couvreur\" target=\"_blank\" rel=\"nofollow noopener\" data-gtm-custom-categorie=\"navigation\" data-gtm-custom-action=\"crossclick\" data-gtm-custom-label=\"Contextuel\" data-gtm-event=\"customEventSPE\">Yann Couvreur<\/a>. D\u00e9butant au Trianon Palace de Versailles puis en tant que chef p\u00e2tisser de l\u2019Eden Rock sur l\u2019\u00eele de Saint-Barth\u00e9lemy, il \u00e9voquera son retour en France et l\u2019ouverture de ses p\u00e2tisseries en nom propre.<\/p>\n<p class=\"fig-paragraph\">Des r\u00e9cits auxquels Fr\u00e9d\u00e9ric Lopez sera particuli\u00e8rement attentif. Parce que pour lui \u00e9galement, ces \u00e9missions constituent de v\u00e9ritables rencontres. Preuve en est, suite \u00e0 la participation de l\u2019ancienne Miss France Laury Thilemann, l\u2019animateur l\u2019a choisie pour devenir\u00a0<a href=\"http:\/\/tvmag.lefigaro.fr\/programme-tv\/actu-tele\/veux-tu-etre-le-nouveau-visage-de-rendez-vous-en-terre-inconnue-frederic-lopez-devoile-sa-demande-a-laury-thilleman-20240904\" target=\"_blank\" data-fig-type=\"Article\" rel=\"noopener\" data-gtm-custom-categorie=\"navigation\" data-gtm-custom-action=\"crossclick\" data-gtm-custom-label=\"Contextuel\" data-gtm-event=\"customEventSPE\" data-fig-domain=\"TVMAG\">le nouveau visage de son \u00e9mission<\/a>\u00a0embl\u00e9matique \u00abRendez-vous en terre inconnue\u00bb.<\/p>\n","protected":false},"excerpt":{"rendered":"Fr\u00e9d\u00e9ric Lopez Ingrid MARESKI &#8211; France T\u00e9l\u00e9visions Apr\u00e8s une pause dans la diffusion d\u2019\u00e9pisodes in\u00e9dits durant les f\u00eates,&hellip;\n","protected":false},"author":2,"featured_media":637703,"comment_status":"","ping_status":"","sticky":false,"template":"","format":"standard","meta":{"footnotes":""},"categories":[1356],"tags":[58,59,1011,27,2400,9481,252,1364],"class_list":{"0":"post-637702","1":"post","2":"type-post","3":"status-publish","4":"format-standard","5":"has-post-thumbnail","7":"category-television","8":"tag-divertissement","9":"tag-entertainment","10":"tag-fr","11":"tag-france","12":"tag-france-televisions","13":"tag-frederic-lopez","14":"tag-television","15":"tag-tv"},"share_on_mastodon":{"url":"https:\/\/pubeurope.com\/@fr\/115829661057907144","error":""},"_links":{"self":[{"href":"https:\/\/www.europesays.com\/fr\/wp-json\/wp\/v2\/posts\/637702","targetHints":{"allow":["GET"]}}],"collection":[{"href":"https:\/\/www.europesays.com\/fr\/wp-json\/wp\/v2\/posts"}],"about":[{"href":"https:\/\/www.europesays.com\/fr\/wp-json\/wp\/v2\/types\/post"}],"author":[{"embeddable":true,"href":"https:\/\/www.europesays.com\/fr\/wp-json\/wp\/v2\/users\/2"}],"replies":[{"embeddable":true,"href":"https:\/\/www.europesays.com\/fr\/wp-json\/wp\/v2\/comments?post=637702"}],"version-history":[{"count":0,"href":"https:\/\/www.europesays.com\/fr\/wp-json\/wp\/v2\/posts\/637702\/revisions"}],"wp:featuredmedia":[{"embeddable":true,"href":"https:\/\/www.europesays.com\/fr\/wp-json\/wp\/v2\/media\/637703"}],"wp:attachment":[{"href":"https:\/\/www.europesays.com\/fr\/wp-json\/wp\/v2\/media?parent=637702"}],"wp:term":[{"taxonomy":"category","embeddable":true,"href":"https:\/\/www.europesays.com\/fr\/wp-json\/wp\/v2\/categories?post=637702"},{"taxonomy":"post_tag","embeddable":true,"href":"https:\/\/www.europesays.com\/fr\/wp-json\/wp\/v2\/tags?post=637702"}],"curies":[{"name":"wp","href":"https:\/\/api.w.org\/{rel}","templated":true}]}}