{"id":637710,"date":"2026-01-03T06:10:32","date_gmt":"2026-01-03T06:10:32","guid":{"rendered":"https:\/\/www.europesays.com\/fr\/637710\/"},"modified":"2026-01-03T06:10:32","modified_gmt":"2026-01-03T06:10:32","slug":"cyril-feraud-annonce-un-changement-dans-tout-le-monde-veut-prendre-sa-place","status":"publish","type":"post","link":"https:\/\/www.europesays.com\/fr\/637710\/","title":{"rendered":"Cyril F\u00e9raud annonce un changement dans \u00abTout le monde veut prendre sa place\u00bb"},"content":{"rendered":"<p>    Cyril F\u00e9raud dans \u00abTout le monde veut prendre sa place\u00bb sur France 2<br \/>\n                Gilles Gustine\/EFFERVESCENCE\/CYRILPROD<\/p>\n<p>\n    En ce d\u00e9but d\u2019ann\u00e9e, le jeu de culture g\u00e9n\u00e9rale de France 2 a eu droit \u00e0 quelques modifications de r\u00e8gles. De quoi ravir les t\u00e9l\u00e9spectateurs qui esp\u00e9raient une \u00e9volution de la finale.<\/p>\n<p class=\"fig-paragraph\">L\u2019ann\u00e9e 2026 d\u00e9marre en beaut\u00e9 pour les fid\u00e8les de\u00a0<a href=\"https:\/\/tvmag.lefigaro.fr\/programme-tv\/programme\/tout-le-monde-veut-prendre-sa-place-d1677158512\" target=\"_blank\" rel=\"noopener\" data-gtm-custom-categorie=\"navigation\" data-gtm-custom-action=\"crossclick\" data-gtm-custom-label=\"Contextuel\" data-gtm-event=\"customEventSPE\"><strong>\u00abTout le monde veut prendre sa place\u00bb<\/strong><\/a> \u00a0sur\u00a0<a href=\"https:\/\/tvmag.lefigaro.fr\/programme-tv\/chaine\/4\/tous-les-programmes-de-france-2\" target=\"_blank\" rel=\"noopener\" data-gtm-custom-categorie=\"navigation\" data-gtm-custom-action=\"crossclick\" data-gtm-custom-label=\"Contextuel\" data-gtm-event=\"customEventSPE\">France 2<\/a>. En effet, en ce vendredi 2 janvier 2026,\u00a0<a href=\"https:\/\/www.lefigaro.fr\/tag\/cyril-feraud\" target=\"_blank\" rel=\"noopener\" data-gtm-custom-categorie=\"navigation\" data-gtm-custom-action=\"crossclick\" data-gtm-custom-label=\"Contextuel\" data-gtm-event=\"customEventSPE\">Cyril F\u00e9raud<\/a>, pr\u00e9sentateur du jeu diffus\u00e9 chaque midi, a fait une grande annonce\u00a0: les r\u00e8gles de la finale vont \u00e9voluer.<\/p>\n<p class=\"fig-paragraph\">\u00abJ\u2019ai un truc \u00e0 vous annoncer\u00a0: pour d\u00e9marrer l\u2019ann\u00e9e, nous avons \u00e9cout\u00e9 les t\u00e9l\u00e9spectateurs. Vous savez qu\u2019ils sont tr\u00e8s nombreux \u00e0 nous \u00e9crire, notamment sur les r\u00e9seaux sociaux. Et il y a un truc que nous r\u00e9clamaient les t\u00e9l\u00e9spectateurs depuis tr\u00e8s longtemps, face \u00e0 toutes vos finales avec tous ces cartons pleins. Tous ces \u201ccashs\u201d (r\u00e9ponse sans choix possible et qui valent 5 points, NDLR) que vous r\u00e9ussissez&#8230; Sachez Vincent, qu\u2019une nouvelle r\u00e8gle va faire son apparition d\u00e8s aujourd\u2019hui, d\u00e8s la finale, en cas de carton plein. Je ne vous dis rien. C\u2019est la surprise, je vous la r\u00e9v\u00e9lerai tout \u00e0 l\u2019heure. Mais c\u2019est plut\u00f4t tr\u00e8s chouette\u00bb, a-t-il annonc\u00e9 au public assidu de l\u2019\u00e9mission.<\/p>\n<p>                                                                <a class=\"fig-a11y-skip\" href=\"#fig-a11y-skip-main-inarticle\" data-module=\"a11y-skip\" data-context=\"was @visible\"><br \/>\n    Passer la publicit\u00e9<br \/>\n<\/a>            <\/p>\n<p class=\"fig-paragraph\">De quoi faire saliver Vincent, actuel champion du programme. Il en est d\u2019ailleurs le douzi\u00e8me plus grand, en comptabilisant 105 victoires et 121.400 euros. Il a d\u2019ailleurs d\u00e9clar\u00e9\u00a0: \u00ab\u00c7a donne envie d\u2019aller chercher les 30 points\u00a0!\u00bb Il faut dire c\u2019est un ma\u00eetre en la mati\u00e8re, puisque depuis son arriv\u00e9e dans le programme, Vincent a d\u00e9j\u00e0 remport\u00e9 17 cartons pleins. Ce changement de r\u00e8gle semble tomber \u00e0 pic pour lui.<\/p>\n<p class=\"fig-body-link\">\n            \u00c0 lire aussi<br \/>\n        <a class=\"fig-body-link__link\" href=\"http:\/\/tvmag.lefigaro.fr\/programme-tv\/actu-tele\/tout-le-monde-veut-prendre-sa-place-la-championne-detronee-isabelle-sait-deja-ce-qu-elle-compte-s-offrir-avec-ses-gains-20241113\" target=\"_blank\" data-fig-type=\"Article\" rel=\"noopener\" data-gtm-custom-categorie=\"navigation\" data-gtm-custom-action=\"crossclick\" data-gtm-custom-label=\"Contextuel\" data-gtm-event=\"customEventSPE\" data-fig-domain=\"TVMAG\"><\/p>\n<p>        \u00abTout le monde veut prendre sa place\u00bb\u00a0: la championne d\u00e9tr\u00f4n\u00e9e Isabelle sait d\u00e9j\u00e0 ce qu\u2019elle compte s\u2019offrir avec ses gains<br \/>\n    <\/a>\n<\/p>\n<p class=\"fig-paragraph\">Ainsi, au moment de la finale de ce vendredi midi, Vincent a d\u00fb affronter Alexandra. L\u2019occasion pour\u00a0<a href=\"http:\/\/tvmag.lefigaro.fr\/programme-tv\/actu-tele\/cyril-feraud-elu-personnalite-tele-prefere-des-francais-je-suis-sonne-et-touche-en-plein-coeur-20251222\" target=\"_blank\" data-fig-type=\"Article\" rel=\"noopener\" data-gtm-custom-categorie=\"navigation\" data-gtm-custom-action=\"crossclick\" data-gtm-custom-label=\"Contextuel\" data-gtm-event=\"customEventSPE\" data-fig-domain=\"TVMAG\">Cyril F\u00e9raud<\/a>\u00a0de r\u00e9v\u00e9ler cette fameuse \u00e9volution. \u00abAvant la finale, j\u2019ai une annonce importante \u00e0 vous faire. Je vous en avais parl\u00e9 en d\u00e9but d\u2019\u00e9mission. Pour cette nouvelle ann\u00e9e, nous vous avons \u00e9cout\u00e9s. Les t\u00e9l\u00e9spectateurs nous ont r\u00e9clam\u00e9, depuis des mois, en cas de carton plein en finale, qu\u2019il y ait un bonus. Eh bien c\u2019est ce qu\u2019on va faire\u00a0! Pour cette premi\u00e8re \u00e9mission de l\u2019ann\u00e9e, la r\u00e8gle de la finale \u00e9volue. Sachez que d\u00e9sormais, en cas de carton plein, c\u2019est-\u00e0-dire si vous obtenez 30 points, les gains de la finale seront doubl\u00e9s\u00bb, a-t-il affirm\u00e9.<\/p>\n<p class=\"fig-paragraph\">En revanche, la chance n\u2019a pas totalement souri \u00e0 Vincent en ce 2 janvier, puisqu\u2019il a certes remport\u00e9 la victoire mais de 23 points \u00e0 13 points seulement. Un score honorable, mais insuffisant pour rentabiliser cette fameuse nouvelle r\u00e8gle.<\/p>\n","protected":false},"excerpt":{"rendered":"Cyril F\u00e9raud dans \u00abTout le monde veut prendre sa place\u00bb sur France 2 Gilles Gustine\/EFFERVESCENCE\/CYRILPROD En ce d\u00e9but&hellip;\n","protected":false},"author":2,"featured_media":637711,"comment_status":"","ping_status":"","sticky":false,"template":"","format":"standard","meta":{"footnotes":""},"categories":[8],"tags":[4642,58,59,1011,27,594],"class_list":{"0":"post-637710","1":"post","2":"type-post","3":"status-publish","4":"format-standard","5":"has-post-thumbnail","7":"category-divertissement","8":"tag-cyril-feraud","9":"tag-divertissement","10":"tag-entertainment","11":"tag-fr","12":"tag-france","13":"tag-france-2"},"share_on_mastodon":{"url":"https:\/\/pubeurope.com\/@fr\/115829684752087283","error":""},"_links":{"self":[{"href":"https:\/\/www.europesays.com\/fr\/wp-json\/wp\/v2\/posts\/637710","targetHints":{"allow":["GET"]}}],"collection":[{"href":"https:\/\/www.europesays.com\/fr\/wp-json\/wp\/v2\/posts"}],"about":[{"href":"https:\/\/www.europesays.com\/fr\/wp-json\/wp\/v2\/types\/post"}],"author":[{"embeddable":true,"href":"https:\/\/www.europesays.com\/fr\/wp-json\/wp\/v2\/users\/2"}],"replies":[{"embeddable":true,"href":"https:\/\/www.europesays.com\/fr\/wp-json\/wp\/v2\/comments?post=637710"}],"version-history":[{"count":0,"href":"https:\/\/www.europesays.com\/fr\/wp-json\/wp\/v2\/posts\/637710\/revisions"}],"wp:featuredmedia":[{"embeddable":true,"href":"https:\/\/www.europesays.com\/fr\/wp-json\/wp\/v2\/media\/637711"}],"wp:attachment":[{"href":"https:\/\/www.europesays.com\/fr\/wp-json\/wp\/v2\/media?parent=637710"}],"wp:term":[{"taxonomy":"category","embeddable":true,"href":"https:\/\/www.europesays.com\/fr\/wp-json\/wp\/v2\/categories?post=637710"},{"taxonomy":"post_tag","embeddable":true,"href":"https:\/\/www.europesays.com\/fr\/wp-json\/wp\/v2\/tags?post=637710"}],"curies":[{"name":"wp","href":"https:\/\/api.w.org\/{rel}","templated":true}]}}