{"id":637716,"date":"2026-01-03T06:13:11","date_gmt":"2026-01-03T06:13:11","guid":{"rendered":"https:\/\/www.europesays.com\/fr\/637716\/"},"modified":"2026-01-03T06:13:11","modified_gmt":"2026-01-03T06:13:11","slug":"seisme-de-magnitude-57-ressenti-en-martinique-ce-vendredi-2-janvier","status":"publish","type":"post","link":"https:\/\/www.europesays.com\/fr\/637716\/","title":{"rendered":"S\u00e9isme de magnitude 5,7 ressenti en Martinique ce vendredi 2 janvier"},"content":{"rendered":"<p class=\"svelte-qfpp5o first-paragraph\">Un s\u00e9isme s\u2019est produit ce vendredi 2 janvier 2026 \u00e0 17h48 (heure locale), soit 21h48 en temps universel (UTC).<\/p>\n<p class=\"svelte-qfpp5o\">Selon les donn\u00e9es de l\u2019Observatoire de sismologie de Martinique, le s\u00e9isme de magnitude 5,7 est d&rsquo;origine Tectonique. L&rsquo;\u00e9picentre a \u00e9t\u00e9 localis\u00e9 \u00e0 59 km au nord-est de Trinit\u00e9, \u00e0 32 km de profondeur. <\/p>\n<\/p>\n<p class=\"svelte-qfpp5o\">Selon les premi\u00e8res donn\u00e9es pr\u00e9liminaire recueillis par l\u2019UWI (University of theWest Indies) et du SRC (Seismic Research Centre), la secousse avait \u00e9t\u00e9 enregistr\u00e9e a une magnitude de 5,7, et localis\u00e9e \u00e0 la latitude 15.01\u00b0 Nord et \u00e0 la longitude 60.66\u00b0 Ouest, \u00e0 une profondeur estim\u00e9e \u00e0 30 kilom\u00e8tres.<\/p>\n<p class=\"svelte-qfpp5o\">Le s\u00e9isme a \u00e9galement \u00e9t\u00e9 localis\u00e9 \u00e0 87 kilom\u00e8tres au sud-est de Roseau, en Dominique, et \u00e0 114 kilom\u00e8tres au nord-nord-est de Castries, \u00e0 Sainte-Lucie.<\/p>\n<p>Eboulement au Pr\u00eacheur<\/p>\n<p class=\"svelte-qfpp5o\">Ressenti avec plus ou moins d&rsquo;intensit\u00e9 selon les secteurs, le s\u00e9isme a d\u00e9clench\u00e9 un \u00e9boulement de falaise au Pr\u00eacheur, dans le quartier de l\u2019Anse Belleville.<\/p>\n","protected":false},"excerpt":{"rendered":"Un s\u00e9isme s\u2019est produit ce vendredi 2 janvier 2026 \u00e0 17h48 (heure locale), soit 21h48 en temps universel&hellip;\n","protected":false},"author":2,"featured_media":637717,"comment_status":"","ping_status":"","sticky":false,"template":"","format":"standard","meta":{"footnotes":""},"categories":[5],"tags":[11,1011,27,14,12,28],"class_list":{"0":"post-637716","1":"post","2":"type-post","3":"status-publish","4":"format-standard","5":"has-post-thumbnail","7":"category-international","8":"tag-actualites","9":"tag-fr","10":"tag-france","11":"tag-international","12":"tag-news","13":"tag-world"},"share_on_mastodon":{"url":"https:\/\/pubeurope.com\/@fr\/115829696491190421","error":""},"_links":{"self":[{"href":"https:\/\/www.europesays.com\/fr\/wp-json\/wp\/v2\/posts\/637716","targetHints":{"allow":["GET"]}}],"collection":[{"href":"https:\/\/www.europesays.com\/fr\/wp-json\/wp\/v2\/posts"}],"about":[{"href":"https:\/\/www.europesays.com\/fr\/wp-json\/wp\/v2\/types\/post"}],"author":[{"embeddable":true,"href":"https:\/\/www.europesays.com\/fr\/wp-json\/wp\/v2\/users\/2"}],"replies":[{"embeddable":true,"href":"https:\/\/www.europesays.com\/fr\/wp-json\/wp\/v2\/comments?post=637716"}],"version-history":[{"count":0,"href":"https:\/\/www.europesays.com\/fr\/wp-json\/wp\/v2\/posts\/637716\/revisions"}],"wp:featuredmedia":[{"embeddable":true,"href":"https:\/\/www.europesays.com\/fr\/wp-json\/wp\/v2\/media\/637717"}],"wp:attachment":[{"href":"https:\/\/www.europesays.com\/fr\/wp-json\/wp\/v2\/media?parent=637716"}],"wp:term":[{"taxonomy":"category","embeddable":true,"href":"https:\/\/www.europesays.com\/fr\/wp-json\/wp\/v2\/categories?post=637716"},{"taxonomy":"post_tag","embeddable":true,"href":"https:\/\/www.europesays.com\/fr\/wp-json\/wp\/v2\/tags?post=637716"}],"curies":[{"name":"wp","href":"https:\/\/api.w.org\/{rel}","templated":true}]}}