{"id":637722,"date":"2026-01-03T06:16:12","date_gmt":"2026-01-03T06:16:12","guid":{"rendered":"https:\/\/www.europesays.com\/fr\/637722\/"},"modified":"2026-01-03T06:16:12","modified_gmt":"2026-01-03T06:16:12","slug":"a-saint-etienne-un-scrutin-a-lissue-incertaine","status":"publish","type":"post","link":"https:\/\/www.europesays.com\/fr\/637722\/","title":{"rendered":"\u00e0 Saint-\u00c9tienne, un scrutin \u00e0 l\u2019issue incertaine"},"content":{"rendered":"<p>Les 15 et 22\u00a0mars prochains, les St\u00e9phanois sont appel\u00e9s aux urnes pour des \u00e9lections municipales \u00e0 l\u2019issue tr\u00e8s incertaine. Sur la ligne de d\u00e9part, ils sont sept actuellement. <a href=\"https:\/\/www.leprogres.fr\/p\/dino-cinieri\" target=\"_blank\" rel=\"noopener\">Dino Cinieri<\/a>, <a href=\"https:\/\/www.leprogres.fr\/elections\/2025\/09\/16\/municipales-2026-en-tete-du-sondage-dino-cinieri-sera-le-candidat-de-la-droite-et-du-centre\" target=\"_blank\" rel=\"noopener\">sorti vainqueur du sondage<\/a> organis\u00e9 par le collectif Saint-\u00c9tienne ensemble 2026, sera le candidat de la droite et du centre.<\/p>\n<p>M\u00eame si, pour l\u2019heure, <a href=\"https:\/\/www.leprogres.fr\/p\/eric-le-jaouen\" target=\"_blank\" rel=\"noopener\">\u00c9ric Le Jaouen<\/a>, qui s\u2019est d\u00e9clar\u00e9 d\u00e8s f\u00e9vrier\u00a02025, revendique le m\u00eame cr\u00e9neau, ce qui lui a valu d\u2019\u00eatre exclu du collectif.<\/p>\n<p>Siham Labich dit r\u00e9fl\u00e9chir, elle aussi, \u00e0 une candidature<\/p>\n<p>\u00c0 gauche, pas de miracle\u00a0: elle partira d\u00e9sunie. <a href=\"https:\/\/www.leprogres.fr\/p\/valentine-mercier\" target=\"_blank\" rel=\"noopener\">Valentine Mercier<\/a> sera t\u00eate de liste pour la France insoumise et <a href=\"https:\/\/www.leprogres.fr\/p\/regis-juanico\" target=\"_blank\" rel=\"noopener\">R\u00e9gis Juanico<\/a> sera c<a href=\"https:\/\/www.leprogres.fr\/elections\/2025\/11\/27\/une-union-inedite-pour-les-municipales-2026-la-gauche-et-les-ecologistes-derriere-regis-juanico\" target=\"_blank\" rel=\"noopener\">elui de la gauche et des \u00e9cologistes<\/a>. \u00c0 l\u2019aff\u00fbt, le RN sera repr\u00e9sent\u00e9 par <a href=\"https:\/\/www.leprogres.fr\/p\/corentin-jousserand\" target=\"_blank\" rel=\"noopener\">Corentin Jousserand<\/a>.<\/p>\n<p>Enfin, Romain Brossard portera les couleurs de Lutte ouvri\u00e8re. Pour tous ces candidats, il est temps de tourner la page Perdriau.<\/p>\n<p>Pour <a href=\"https:\/\/www.leprogres.fr\/elections\/2025\/12\/23\/municipales-2026-marc-chassaubene-sera-bien-le-candidat-de-la-majorite-sortante\" target=\"_blank\" rel=\"noopener\">le dernier \u00e0 s\u2019\u00eatre d\u00e9clar\u00e9<\/a> en revanche, l\u2019enjeu est tout autre. <a href=\"https:\/\/www.leprogres.fr\/p\/marc-chassaubene\" target=\"_blank\" rel=\"noopener\">Marc Chassaub\u00e9n\u00e9<\/a>, l\u2019actuel premier adjoint, d\u00e9fendra les actions men\u00e9es pour la Ville depuis 2014 et aura pour objectif de poursuivre le travail de la majorit\u00e9 municipale. Sera-t-il le seul \u00e0 occuper ce couloir ? Pas s\u00fbr puisque Siham Labich dit r\u00e9fl\u00e9chir, elle aussi, \u00e0 une candidature.<\/p>\n","protected":false},"excerpt":{"rendered":"Les 15 et 22\u00a0mars prochains, les St\u00e9phanois sont appel\u00e9s aux urnes pour des \u00e9lections municipales \u00e0 l\u2019issue tr\u00e8s&hellip;\n","protected":false},"author":2,"featured_media":637723,"comment_status":"","ping_status":"","sticky":false,"template":"","format":"standard","meta":{"footnotes":""},"categories":[9653],"tags":[1111,11,2430,7539,4188,1777,674,1011,27,12,316,25,4001,7538],"class_list":{"0":"post-637722","1":"post","2":"type-post","3":"status-publish","4":"format-standard","5":"has-post-thumbnail","7":"category-saint-etienne","8":"tag-actu","9":"tag-actualites","10":"tag-auvergne-rhone-alpes","11":"tag-edition-loire-sud","12":"tag-elections-municipales","13":"tag-eu","14":"tag-europe","15":"tag-fr","16":"tag-france","17":"tag-news","18":"tag-politique","19":"tag-republique-francaise","20":"tag-saint-etienne","21":"tag-saint-etienne-ville"},"share_on_mastodon":{"url":"https:\/\/pubeurope.com\/@fr\/115829708253522145","error":""},"_links":{"self":[{"href":"https:\/\/www.europesays.com\/fr\/wp-json\/wp\/v2\/posts\/637722","targetHints":{"allow":["GET"]}}],"collection":[{"href":"https:\/\/www.europesays.com\/fr\/wp-json\/wp\/v2\/posts"}],"about":[{"href":"https:\/\/www.europesays.com\/fr\/wp-json\/wp\/v2\/types\/post"}],"author":[{"embeddable":true,"href":"https:\/\/www.europesays.com\/fr\/wp-json\/wp\/v2\/users\/2"}],"replies":[{"embeddable":true,"href":"https:\/\/www.europesays.com\/fr\/wp-json\/wp\/v2\/comments?post=637722"}],"version-history":[{"count":0,"href":"https:\/\/www.europesays.com\/fr\/wp-json\/wp\/v2\/posts\/637722\/revisions"}],"wp:featuredmedia":[{"embeddable":true,"href":"https:\/\/www.europesays.com\/fr\/wp-json\/wp\/v2\/media\/637723"}],"wp:attachment":[{"href":"https:\/\/www.europesays.com\/fr\/wp-json\/wp\/v2\/media?parent=637722"}],"wp:term":[{"taxonomy":"category","embeddable":true,"href":"https:\/\/www.europesays.com\/fr\/wp-json\/wp\/v2\/categories?post=637722"},{"taxonomy":"post_tag","embeddable":true,"href":"https:\/\/www.europesays.com\/fr\/wp-json\/wp\/v2\/tags?post=637722"}],"curies":[{"name":"wp","href":"https:\/\/api.w.org\/{rel}","templated":true}]}}