{"id":637724,"date":"2026-01-03T06:17:17","date_gmt":"2026-01-03T06:17:17","guid":{"rendered":"https:\/\/www.europesays.com\/fr\/637724\/"},"modified":"2026-01-03T06:17:17","modified_gmt":"2026-01-03T06:17:17","slug":"ce-collectif-se-bat-pour-que-cessent-les-incivilites-rue-durafour","status":"publish","type":"post","link":"https:\/\/www.europesays.com\/fr\/637724\/","title":{"rendered":"ce collectif se bat pour que cessent les incivilit\u00e9s rue Durafour"},"content":{"rendered":"<p>Les ann\u00e9es passent et les habitants de la rue Antoine-Durafour ne dorment toujours pas. 2025 n\u2019y a pas d\u00e9rog\u00e9. Mais, cette ann\u00e9e, les riverains de la rue ont d\u00e9cid\u00e9 de prendre les choses en mains. En mai, ils ont lanc\u00e9 un collectif et une p\u00e9tition pour d\u00e9noncer les nuisances qui troublent leurs nuits.<\/p>\n<p>Ils ont \u00e9galement cr\u00e9\u00e9 une page Facebook, v\u00e9ritable carnet de bord des incivilit\u00e9s dont ils sont t\u00e9moins, rejoint aujourd\u2019hui par quelque 400 abonn\u00e9s. Photos d\u2019arbres d\u00e9grad\u00e9s, vid\u00e9os de rod\u00e9os urbains, de bagarres, articles de presse\u2026 Le compte est aliment\u00e9 tous les deux jours ou presque, sans rel\u00e2che. Pourtant, il y aurait de quoi se lasser, tant la situation semble ne jamais vouloir s\u2019apaiser.<\/p>\n<p>Police, pr\u00e9fecture et mairie ont pourtant s\u00e9vi<\/p>\n<p>\u00ab\u00a0Sans se jeter de fleurs, on a le sentiment que si on n\u2019avait pas mis en avant les&#8230;<\/p>\n","protected":false},"excerpt":{"rendered":"Les ann\u00e9es passent et les habitants de la rue Antoine-Durafour ne dorment toujours pas. 2025 n\u2019y a pas&hellip;\n","protected":false},"author":2,"featured_media":637725,"comment_status":"","ping_status":"","sticky":false,"template":"","format":"standard","meta":{"footnotes":""},"categories":[9653],"tags":[1111,11,2430,271,272,7539,1777,674,274,1011,27,3367,12,316,25,4001,7538,104],"class_list":{"0":"post-637724","1":"post","2":"type-post","3":"status-publish","4":"format-standard","5":"has-post-thumbnail","7":"category-saint-etienne","8":"tag-actu","9":"tag-actualites","10":"tag-auvergne-rhone-alpes","11":"tag-crime","12":"tag-delit-et-contravention","13":"tag-edition-loire-sud","14":"tag-eu","15":"tag-europe","16":"tag-faits-divers-justice","17":"tag-fr","18":"tag-france","19":"tag-loire","20":"tag-news","21":"tag-politique","22":"tag-republique-francaise","23":"tag-saint-etienne","24":"tag-saint-etienne-ville","25":"tag-societe"},"share_on_mastodon":{"url":"https:\/\/pubeurope.com\/@fr\/115829712050453538","error":""},"_links":{"self":[{"href":"https:\/\/www.europesays.com\/fr\/wp-json\/wp\/v2\/posts\/637724","targetHints":{"allow":["GET"]}}],"collection":[{"href":"https:\/\/www.europesays.com\/fr\/wp-json\/wp\/v2\/posts"}],"about":[{"href":"https:\/\/www.europesays.com\/fr\/wp-json\/wp\/v2\/types\/post"}],"author":[{"embeddable":true,"href":"https:\/\/www.europesays.com\/fr\/wp-json\/wp\/v2\/users\/2"}],"replies":[{"embeddable":true,"href":"https:\/\/www.europesays.com\/fr\/wp-json\/wp\/v2\/comments?post=637724"}],"version-history":[{"count":0,"href":"https:\/\/www.europesays.com\/fr\/wp-json\/wp\/v2\/posts\/637724\/revisions"}],"wp:featuredmedia":[{"embeddable":true,"href":"https:\/\/www.europesays.com\/fr\/wp-json\/wp\/v2\/media\/637725"}],"wp:attachment":[{"href":"https:\/\/www.europesays.com\/fr\/wp-json\/wp\/v2\/media?parent=637724"}],"wp:term":[{"taxonomy":"category","embeddable":true,"href":"https:\/\/www.europesays.com\/fr\/wp-json\/wp\/v2\/categories?post=637724"},{"taxonomy":"post_tag","embeddable":true,"href":"https:\/\/www.europesays.com\/fr\/wp-json\/wp\/v2\/tags?post=637724"}],"curies":[{"name":"wp","href":"https:\/\/api.w.org\/{rel}","templated":true}]}}