{"id":637734,"date":"2026-01-03T06:35:10","date_gmt":"2026-01-03T06:35:10","guid":{"rendered":"https:\/\/www.europesays.com\/fr\/637734\/"},"modified":"2026-01-03T06:35:10","modified_gmt":"2026-01-03T06:35:10","slug":"maison-garage-jardin-a-rennes-vous-pouvez-faire-vivre-ce-quartier-le-temps-dun-week-end-voici-comment","status":"publish","type":"post","link":"https:\/\/www.europesays.com\/fr\/637734\/","title":{"rendered":"Maison, garage, jardin&#8230; \u00e0 Rennes, vous pouvez faire vivre ce quartier le temps d&rsquo;un week-end : voici comment"},"content":{"rendered":"<p>                    Par<br \/>\n        <strong><br \/>\n            <a href=\"https:\/\/actu.fr\/auteur\/laurene-fertin\" title=\"Consulter tous les articles de Laur\u00e8ne Fertin\" target=\"_blank\" rel=\"noopener\">Laur\u00e8ne Fertin<\/a><br \/>\n                    <\/strong><\/p>\n<p>        Publi\u00e9 le<\/p>\n<p>            3 janv. 2026 \u00e0 6h02        <\/p>\n<p><strong>Aur\u00e9lie Cousin,<\/strong> abat-jouriste, <strong>Elisa Granouska,<\/strong> graphiste-illustratrice, et <strong>Anne Des Prairies,<\/strong> peintre-illustratrice, ont d\u00e9cid\u00e9 de relancer une nouvelle <strong>Balade du quartier Saint-Martin\u00a0<\/strong>\u00e0 Rennes.<\/p>\n<p class=\" wall-content\">En effet, entre\u00a02009 et\u00a02015, <strong>l\u2019association Minute Papillon<\/strong> avait organis\u00e9 ces \u00e9v\u00e9nements dans plusieurs quartiers de Rennes tels que le quartier <strong>Sainte-Th\u00e9r\u00e8se, Saint-Martin, Monseigneur Mou\u00e9zy<\/strong> ou encore <strong>rue de Vern.<\/strong><\/p>\n<p class=\" wall-content\">L\u2019id\u00e9e, comme l\u2019expliquent les organisatrices, \u00e9tant de cr\u00e9er, le temps d\u2019un week-end, <strong>un parcours artistique avec des exposants chez l\u2019habitant<\/strong> \u2013 en maison comme en appartement. Des ateliers d\u2019artistes se d\u00e9roulaient \u00e9galement dans les jardins.<\/p>\n<p>Peinture, illustration, c\u00e9ramique\u2026<\/p>\n<p class=\" wall-content\">Pour relancer ces week-ends, les trois artistes cherchent en effet <strong>de nouveaux lieux \u00e0 investir<\/strong> \u00e0 l\u2019instar de <strong>maisons, appartements, jardins<\/strong> ou encore <strong>garages.<\/strong> Pour le moment, plusieurs personnes ont d\u00e9j\u00e0 ouvert leur porte\u2009: une maison pr\u00e8s du cimeti\u00e8re nord, une cour, une p\u00e9niche sur le canal et un atelier d\u2019artisanes \u00e0 Anatole-France.<\/p>\n<p class=\" wall-content\">Pour cette nouvelle \u00e9dition, de la <strong>peinture,<\/strong> de <strong>l\u2019illustration,<\/strong> de la <strong>c\u00e9ramique,<\/strong> des <strong>bijoux, gravures<\/strong> et <strong>luminaires<\/strong> seront expos\u00e9s.<\/p>\n<p>Si vous \u00eates int\u00e9ress\u00e9 (e), vous pouvez vous manifester \u00e0 <a href=\"https:\/\/actu.fr\/cdn-cgi\/l\/email-protection\" class=\"__cf_email__\" data-cfemail=\"accecdc0cdc8c9dfd8c1cdded8c5c2eccbc1cdc5c082cfc3c1\" target=\"_blank\" rel=\"noopener\">[email\u00a0protected]<\/a>. Vous pouvez \u00e9galement rencontrer directement l\u2019une des organisatrices, Aur\u00e9lie Cousin, dans son atelier situ\u00e9 au 12, avenue du 41e r\u00e9giment d\u2019infanterie \u00e0 Rennes.<\/p>\n<p class=\" wall-content\">Personnalisez votre actualit\u00e9 en ajoutant vos villes et m\u00e9dias en favori avec <a href=\"https:\/\/moncompte.actu.fr\" title=\"D\u00e9couvez Mon Actu\" rel=\"nofollow noopener\" data-trk=\"{&quot;cta&quot;:{&quot;action&quot;:&quot;https:\\\/\\\/moncompte.actu.fr&quot;,&quot;category&quot;:&quot;mon compte&quot;,&quot;from&quot;:&quot;article footer&quot;,&quot;name&quot;:&quot;Mon actu&quot;,&quot;type&quot;:&quot;cta&quot;}}\" target=\"_blank\">Mon Actu<\/a>.<\/p>\n","protected":false},"excerpt":{"rendered":"Par Laur\u00e8ne Fertin Publi\u00e9 le 3 janv. 2026 \u00e0 6h02 Aur\u00e9lie Cousin, abat-jouriste, Elisa Granouska, graphiste-illustratrice, et Anne&hellip;\n","protected":false},"author":2,"featured_media":637735,"comment_status":"","ping_status":"","sticky":false,"template":"","format":"standard","meta":{"footnotes":""},"categories":[2821],"tags":[1111,11,829,1777,674,1011,27,1652,12,584,25],"class_list":{"0":"post-637734","1":"post","2":"type-post","3":"status-publish","4":"format-standard","5":"has-post-thumbnail","7":"category-rennes","8":"tag-actu","9":"tag-actualites","10":"tag-bretagne","11":"tag-eu","12":"tag-europe","13":"tag-fr","14":"tag-france","15":"tag-loisirs-culture","16":"tag-news","17":"tag-rennes","18":"tag-republique-francaise"},"share_on_mastodon":{"url":"https:\/\/pubeurope.com\/@fr\/115829782833594404","error":""},"_links":{"self":[{"href":"https:\/\/www.europesays.com\/fr\/wp-json\/wp\/v2\/posts\/637734","targetHints":{"allow":["GET"]}}],"collection":[{"href":"https:\/\/www.europesays.com\/fr\/wp-json\/wp\/v2\/posts"}],"about":[{"href":"https:\/\/www.europesays.com\/fr\/wp-json\/wp\/v2\/types\/post"}],"author":[{"embeddable":true,"href":"https:\/\/www.europesays.com\/fr\/wp-json\/wp\/v2\/users\/2"}],"replies":[{"embeddable":true,"href":"https:\/\/www.europesays.com\/fr\/wp-json\/wp\/v2\/comments?post=637734"}],"version-history":[{"count":0,"href":"https:\/\/www.europesays.com\/fr\/wp-json\/wp\/v2\/posts\/637734\/revisions"}],"wp:featuredmedia":[{"embeddable":true,"href":"https:\/\/www.europesays.com\/fr\/wp-json\/wp\/v2\/media\/637735"}],"wp:attachment":[{"href":"https:\/\/www.europesays.com\/fr\/wp-json\/wp\/v2\/media?parent=637734"}],"wp:term":[{"taxonomy":"category","embeddable":true,"href":"https:\/\/www.europesays.com\/fr\/wp-json\/wp\/v2\/categories?post=637734"},{"taxonomy":"post_tag","embeddable":true,"href":"https:\/\/www.europesays.com\/fr\/wp-json\/wp\/v2\/tags?post=637734"}],"curies":[{"name":"wp","href":"https:\/\/api.w.org\/{rel}","templated":true}]}}