{"id":637736,"date":"2026-01-03T06:37:00","date_gmt":"2026-01-03T06:37:00","guid":{"rendered":"https:\/\/www.europesays.com\/fr\/637736\/"},"modified":"2026-01-03T06:37:00","modified_gmt":"2026-01-03T06:37:00","slug":"ce-nouveau-marche-a-lieu-chaque-jeudi-apres-midi","status":"publish","type":"post","link":"https:\/\/www.europesays.com\/fr\/637736\/","title":{"rendered":"ce nouveau march\u00e9 a lieu chaque jeudi apr\u00e8s-midi"},"content":{"rendered":"<p>                    Par<br \/>\n        <strong><br \/>\n            <a href=\"https:\/\/actu.fr\/auteur\/redaction-jv\" title=\"Consulter tous les articles de R\u00e9daction Vitr\u00e9\" target=\"_blank\" rel=\"noopener\">R\u00e9daction Vitr\u00e9<\/a><br \/>\n                    <\/strong><\/p>\n<p>        Publi\u00e9 le<\/p>\n<p>            2 janv. 2026 \u00e0 6h20        <\/p>\n<p>Depuis le <b>27\u00a0novembre 2025, <\/b>un <b>march\u00e9<\/b> a lieu <b>tous les jeudis <\/b>apr\u00e8s-mid<b>i \u00e0 partir de 16\u2009h<\/b> sur le parking du centre commercial Les Tilleuls, pr\u00e8s de la mairie, \u00e0 <b>Br\u00e9c\u00e9<\/b> (Ille-et-Vilaine), pr\u00e8s de Rennes.<\/p>\n<p class=\" wall-content\">Au programme,<b> six stands alimentaires <\/b>avec Les D\u00e9lices de Laulau, conserverie artisanale cal\u00e9donienne fran\u00e7aise. Laura habite Br\u00e9c\u00e9. Maxime Le Boulch revient sur sa terre natale br\u00e9c\u00e9enne avec La Boulcherie, boucher traiteur ambulant.<\/p>\n<p>Une multitude de stands<\/p>\n<p class=\" wall-content\">La Servonnaise Ana\u2019yah Food propose sa<b> cuisine africaine<\/b> avec poulet marin\u00e9, poissons cuisin\u00e9s \u00e0 l\u2019africaine avec sauce maf\u00e9, et frites de bananes plantain.<\/p>\n<p class=\" wall-content\">Le dimanche matin, elle participe au march\u00e9 servonnais et le mercredi \u00e0 Acign\u00e9. Le Terroir d\u2019Antan, \u00e9picerie fine, fruits et l\u00e9gumes vient de L\u2019Hermitage.<\/p>\n<p class=\" wall-content\">Isma\u00efl Mouali fait aussi les march\u00e9s autour de Rennes\u2009: Mordelles, Acign\u00e9, B\u00e9d\u00e9e. Il Sole Italia, avec Fran\u00e7oise Nicolini, apporte un peu de soleil avec des p\u00e2tes fra\u00eeches, traiteur, lasagnes, quiches, sauces, huile d\u2019olive, parmesan, g\u00e2teaux, panettone\u2026<\/p>\n<p>Vid\u00e9os : en ce moment sur Actu<\/p>\n<p class=\" wall-content\">Enfin, C\u00e9dric Donval et sa Cot Cot Mobile proposent des poulets de Janz\u00e9 r\u00f4tis et pommes de terre grenailles.<\/p>\n<p class=\" wall-content\">Ce dernier est pr\u00e9sent aussi \u00e0 Acign\u00e9 le dimanche matin.<\/p>\n<p>Votre r\u00e9gion, votre actu !<\/p>\n<p>Recevez chaque jour les infos qui comptent pour vous.<\/p>\n<p>\t<a href=\"https:\/\/actu.fr\/newsletter\" class=\"ac-btn ac-btn--corner ac-btn--medium ac-btn--blue800\" target=\"_blank\" rel=\"noopener\">S&rsquo;incrire<\/a><\/p>\n<p>Pratique\u2009: march\u00e9 le jeudi, \u00e0 partir de 16\u2009h jusqu\u2019\u00e0 19\u2009h\u200930, centre commercial. Commer\u00e7ants\u2009<b>: <\/b>Terroir d\u2019antan\u2009: 06\u200964\u200917\u200904\u200925. Cot Cot Mobile\u2009: 06\u200961\u200993\u200908\u200941. D\u00e9lices de Laulau\u2009: 07\u200966\u200965\u200984\u200927.\u00a0Ana\u2019yah Food\u2009: 07\u200963\u200911\u200934\u200929. La Boulcherie\u2009: 07\u200969\u200910\u200964\u200965. Il sole Italia\u2009: 06\u200978\u200990\u200939\u200956.<\/p>\n<p class=\" wall-content\">Personnalisez votre actualit\u00e9 en ajoutant vos villes et m\u00e9dias en favori avec <a href=\"https:\/\/moncompte.actu.fr\" title=\"D\u00e9couvez Mon Actu\" rel=\"nofollow noopener\" data-trk=\"{&quot;cta&quot;:{&quot;action&quot;:&quot;https:\\\/\\\/moncompte.actu.fr&quot;,&quot;category&quot;:&quot;mon compte&quot;,&quot;from&quot;:&quot;article footer&quot;,&quot;name&quot;:&quot;Mon actu&quot;,&quot;type&quot;:&quot;cta&quot;}}\" target=\"_blank\">Mon Actu<\/a>.<\/p>\n","protected":false},"excerpt":{"rendered":"Par R\u00e9daction Vitr\u00e9 Publi\u00e9 le 2 janv. 2026 \u00e0 6h20 Depuis le 27\u00a0novembre 2025, un march\u00e9 a lieu&hellip;\n","protected":false},"author":2,"featured_media":637737,"comment_status":"","ping_status":"","sticky":false,"template":"","format":"standard","meta":{"footnotes":""},"categories":[2821],"tags":[1111,11,829,215,33,1777,674,1011,27,12,584,25],"class_list":{"0":"post-637736","1":"post","2":"type-post","3":"status-publish","4":"format-standard","5":"has-post-thumbnail","7":"category-rennes","8":"tag-actu","9":"tag-actualites","10":"tag-bretagne","11":"tag-commerce","12":"tag-economie","13":"tag-eu","14":"tag-europe","15":"tag-fr","16":"tag-france","17":"tag-news","18":"tag-rennes","19":"tag-republique-francaise"},"share_on_mastodon":{"url":"https:\/\/pubeurope.com\/@fr\/115829790867456857","error":""},"_links":{"self":[{"href":"https:\/\/www.europesays.com\/fr\/wp-json\/wp\/v2\/posts\/637736","targetHints":{"allow":["GET"]}}],"collection":[{"href":"https:\/\/www.europesays.com\/fr\/wp-json\/wp\/v2\/posts"}],"about":[{"href":"https:\/\/www.europesays.com\/fr\/wp-json\/wp\/v2\/types\/post"}],"author":[{"embeddable":true,"href":"https:\/\/www.europesays.com\/fr\/wp-json\/wp\/v2\/users\/2"}],"replies":[{"embeddable":true,"href":"https:\/\/www.europesays.com\/fr\/wp-json\/wp\/v2\/comments?post=637736"}],"version-history":[{"count":0,"href":"https:\/\/www.europesays.com\/fr\/wp-json\/wp\/v2\/posts\/637736\/revisions"}],"wp:featuredmedia":[{"embeddable":true,"href":"https:\/\/www.europesays.com\/fr\/wp-json\/wp\/v2\/media\/637737"}],"wp:attachment":[{"href":"https:\/\/www.europesays.com\/fr\/wp-json\/wp\/v2\/media?parent=637736"}],"wp:term":[{"taxonomy":"category","embeddable":true,"href":"https:\/\/www.europesays.com\/fr\/wp-json\/wp\/v2\/categories?post=637736"},{"taxonomy":"post_tag","embeddable":true,"href":"https:\/\/www.europesays.com\/fr\/wp-json\/wp\/v2\/tags?post=637736"}],"curies":[{"name":"wp","href":"https:\/\/api.w.org\/{rel}","templated":true}]}}