{"id":637740,"date":"2026-01-03T06:39:17","date_gmt":"2026-01-03T06:39:17","guid":{"rendered":"https:\/\/www.europesays.com\/fr\/637740\/"},"modified":"2026-01-03T06:39:17","modified_gmt":"2026-01-03T06:39:17","slug":"claude-puel-reussira-t-il-a-redresser-logc-nice-lequipe-rencontre-strasbourg-ce-samedi","status":"publish","type":"post","link":"https:\/\/www.europesays.com\/fr\/637740\/","title":{"rendered":"Claude Puel r\u00e9ussira-t-il \u00e0 redresser l\u2019OGC Nice ? L&rsquo;\u00e9quipe rencontre Strasbourg ce samedi"},"content":{"rendered":"<p class=\"article__intro\">Entre crise sportive et rupture avec les supporters, l&rsquo;OGC Nice n\u2019a d\u00e9sormais plus le luxe de se projeter. Le club azur\u00e9en joue son maintien en Ligue 1 : le match de ce samedi contre Strasbourg donnera le ton.<\/p>\n<p>\n      L\u2019actu des r\u00e9gions\n    <\/p>\n<p>\n      Chaque jour, un tour d\u2019horizon des principales infos de toutes les r\u00e9gions.\n    <\/p>\n<p>    France T\u00e9l\u00e9visions utilise votre adresse e-mail afin de vous envoyer la newsletter \u00ab\u00a0L\u2019actu des r\u00e9gions\u00a0\u00bb. Vous pouvez vous d\u00e9sinscrire \u00e0 tout moment via le lien en bas de cette newsletter. <a target=\"_blank\" href=\"https:\/\/www.francetelevisions.fr\/groupe\/confidentialite\/politique-de-confidentialite\/politique-de-confidentialite-de-france-televisions-6503\" rel=\"noopener\">Notre politique de confidentialit\u00e9<\/a><\/p>\n<p>L\u2019OGC Nice traverse une crise profonde. Sur le terrain d\u2019abord, avec une s\u00e9rie de r\u00e9sultats qui a fait basculer l\u2019\u00e9quipe dans une zone de danger. <\/p>\n<p>Six d\u00e9faites cons\u00e9cutives, toutes comp\u00e9titions confondues, ont plong\u00e9 le groupe dans le doute.<\/p>\n<p>Mais la fracture est aussi humaine et symbolique. <\/p>\n<p>Depuis le soir du 30 novembre, lorsque des supporters ni\u00e7ois ont pris \u00e0 partie les joueurs au retour d\u2019une d\u00e9faite \u00e0 Lorient, le club est entr\u00e9 dans une zone de turbulences.<\/p>\n<\/p>\n<p>Les r\u00e9percussions de cette soir\u00e9e ont \u00e9t\u00e9 d\u00e9vastatrices : boycott des tribunes, climat anxiog\u00e8ne&#8230;La victoire contre l&rsquo;AS Saint-\u00c9tienne en Coupe de France (2-1) a mis fin \u00e0 l\u2019h\u00e9morragie, sans pour autant dissiper les inqui\u00e9tudes.<\/p>\n<p>Dans ce contexte, le retour de Jean-Pierre Riv\u00e8re \u00e0 la pr\u00e9sidence et la nomination de Claude Puel sur le banc s\u2019inscrivent dans une logique d\u2019urgence absolue.<\/p>\n<p>Franck Haise, pourtant sous contrat jusqu\u2019en 2029, est ainsi remplac\u00e9 par un homme que\u00a0Riv\u00e8re conna\u00eet bien. <\/p>\n<p>Claude Puel, entra\u00eeneur de Nice entre 2012 et 2016, revient apr\u00e8s une s\u00e9paration houleuse aujourd\u2019hui d\u00e9pass\u00e9e.<\/p>\n<p><strong>Ci-dessous, une interview r\u00e9alis\u00e9e par France 3 C\u00f4te d&rsquo;Azur en 2012.<\/strong><\/p>\n<\/p>\n<p>Claude Puel est d\u00e9sormais pr\u00e9sent\u00e9 comme \u00ab\u00a0l&rsquo;homme parfait pour relever ce challenge du maintien\u00a0\u00bb.<\/p>\n<p>\u00c2g\u00e9 de 22 ans, l\u2019attaquant fran\u00e7ais est pr\u00eat\u00e9 jusqu\u2019\u00e0 la fin de la saison par l\u2019Eintracht Francfort. Le club azur\u00e9en mise sur son arriv\u00e9e pour redonner du souffle \u00e0 une attaque en manque d\u2019efficacit\u00e9. <\/p>\n<p>Il pourrait effectuer ses d\u00e9buts d\u00e8s ce samedi face au RC Strasbourg : coup d\u2019envoi pr\u00e9vu \u00e0 19 heures.<\/p>\n","protected":false},"excerpt":{"rendered":"Entre crise sportive et rupture avec les supporters, l&rsquo;OGC Nice n\u2019a d\u00e9sormais plus le luxe de se projeter.&hellip;\n","protected":false},"author":2,"featured_media":637741,"comment_status":"","ping_status":"","sticky":false,"template":"","format":"standard","meta":{"footnotes":""},"categories":[2820],"tags":[1111,11,1777,674,1011,27,775,12,25,640],"class_list":{"0":"post-637740","1":"post","2":"type-post","3":"status-publish","4":"format-standard","5":"has-post-thumbnail","7":"category-strasbourg","8":"tag-actu","9":"tag-actualites","10":"tag-eu","11":"tag-europe","12":"tag-fr","13":"tag-france","14":"tag-grand-est","15":"tag-news","16":"tag-republique-francaise","17":"tag-strasbourg"},"share_on_mastodon":{"url":"https:\/\/pubeurope.com\/@fr\/115829798550621100","error":""},"_links":{"self":[{"href":"https:\/\/www.europesays.com\/fr\/wp-json\/wp\/v2\/posts\/637740","targetHints":{"allow":["GET"]}}],"collection":[{"href":"https:\/\/www.europesays.com\/fr\/wp-json\/wp\/v2\/posts"}],"about":[{"href":"https:\/\/www.europesays.com\/fr\/wp-json\/wp\/v2\/types\/post"}],"author":[{"embeddable":true,"href":"https:\/\/www.europesays.com\/fr\/wp-json\/wp\/v2\/users\/2"}],"replies":[{"embeddable":true,"href":"https:\/\/www.europesays.com\/fr\/wp-json\/wp\/v2\/comments?post=637740"}],"version-history":[{"count":0,"href":"https:\/\/www.europesays.com\/fr\/wp-json\/wp\/v2\/posts\/637740\/revisions"}],"wp:featuredmedia":[{"embeddable":true,"href":"https:\/\/www.europesays.com\/fr\/wp-json\/wp\/v2\/media\/637741"}],"wp:attachment":[{"href":"https:\/\/www.europesays.com\/fr\/wp-json\/wp\/v2\/media?parent=637740"}],"wp:term":[{"taxonomy":"category","embeddable":true,"href":"https:\/\/www.europesays.com\/fr\/wp-json\/wp\/v2\/categories?post=637740"},{"taxonomy":"post_tag","embeddable":true,"href":"https:\/\/www.europesays.com\/fr\/wp-json\/wp\/v2\/tags?post=637740"}],"curies":[{"name":"wp","href":"https:\/\/api.w.org\/{rel}","templated":true}]}}