{"id":637744,"date":"2026-01-03T06:41:21","date_gmt":"2026-01-03T06:41:21","guid":{"rendered":"https:\/\/www.europesays.com\/fr\/637744\/"},"modified":"2026-01-03T06:41:21","modified_gmt":"2026-01-03T06:41:21","slug":"jean-pierre-rivere-et-la-rumeur-sergio-ramos","status":"publish","type":"post","link":"https:\/\/www.europesays.com\/fr\/637744\/","title":{"rendered":"Jean-Pierre Riv\u00e8re et la rumeur Sergio Ramos"},"content":{"rendered":"<p>Depuis son d\u00e9part de Monterrey au Mexique, <a href=\"https:\/\/www.footmercato.net\/joueur\/sergio-ramos\/\" target=\"_blank\" rel=\"noopener\">Sergio Ramos<\/a> est libre de s\u2019engager o\u00f9 bon lui semble. \u00c0 39 ans, le l\u00e9gendaire d\u00e9fenseur espagnol parvient encore \u00e0 encha\u00eener les matchs et pourrait rendre quelques services. Une rumeur l\u2019a m\u00eame envoy\u00e9 du c\u00f4t\u00e9 de l\u2019OGC Nice, for\u00e7ant Jean-Pierre Riv\u00e8re \u00e0 devoir d\u00e9mentir \u00e0 l\u2019occasion de la conf\u00e9rence de presse de pr\u00e9sentation d\u2019Elye Wahi. <\/p>\n<p>            La suite apr\u00e8s cette publicit\u00e9<\/p>\n<p>\u00abSergio Ramos n\u2019est pas pr\u00e9vu sur nos tablettes, ce n\u2019est pas le cas, assure le pr\u00e9sident du Gym venu jouer les pompiers de service. Je ne sais plus si on a \u00e9t\u00e9 en contact un moment ou non\u2026 peut-\u00eatre. Mais il n\u2019est pas sur nos tablettes, ce n\u2019est pas le cas. On travaille sur le mercato, on n\u2019est pas oblig\u00e9 de faire des grands noms. Il faut \u00eatre coh\u00e9rent. Elye Wahi est d\u00e9j\u00e0 un grand nom.\u00bb<\/p>\n<p>\n    Pub. le 02\/01\/2026 20:51<br \/>\n            &#8211; MAJ le 03\/01\/2026 00:41\n    <\/p>\n","protected":false},"excerpt":{"rendered":"Depuis son d\u00e9part de Monterrey au Mexique, Sergio Ramos est libre de s\u2019engager o\u00f9 bon lui semble. \u00c0&hellip;\n","protected":false},"author":2,"featured_media":637745,"comment_status":"","ping_status":"","sticky":false,"template":"","format":"standard","meta":{"footnotes":""},"categories":[2819],"tags":[1111,11,1777,674,1011,27,12,2401,882,25],"class_list":{"0":"post-637744","1":"post","2":"type-post","3":"status-publish","4":"format-standard","5":"has-post-thumbnail","7":"category-nice","8":"tag-actu","9":"tag-actualites","10":"tag-eu","11":"tag-europe","12":"tag-fr","13":"tag-france","14":"tag-news","15":"tag-nice","16":"tag-provence-alpes-cote-dazur","17":"tag-republique-francaise"},"share_on_mastodon":{"url":"https:\/\/pubeurope.com\/@fr\/115829806370403627","error":""},"_links":{"self":[{"href":"https:\/\/www.europesays.com\/fr\/wp-json\/wp\/v2\/posts\/637744","targetHints":{"allow":["GET"]}}],"collection":[{"href":"https:\/\/www.europesays.com\/fr\/wp-json\/wp\/v2\/posts"}],"about":[{"href":"https:\/\/www.europesays.com\/fr\/wp-json\/wp\/v2\/types\/post"}],"author":[{"embeddable":true,"href":"https:\/\/www.europesays.com\/fr\/wp-json\/wp\/v2\/users\/2"}],"replies":[{"embeddable":true,"href":"https:\/\/www.europesays.com\/fr\/wp-json\/wp\/v2\/comments?post=637744"}],"version-history":[{"count":0,"href":"https:\/\/www.europesays.com\/fr\/wp-json\/wp\/v2\/posts\/637744\/revisions"}],"wp:featuredmedia":[{"embeddable":true,"href":"https:\/\/www.europesays.com\/fr\/wp-json\/wp\/v2\/media\/637745"}],"wp:attachment":[{"href":"https:\/\/www.europesays.com\/fr\/wp-json\/wp\/v2\/media?parent=637744"}],"wp:term":[{"taxonomy":"category","embeddable":true,"href":"https:\/\/www.europesays.com\/fr\/wp-json\/wp\/v2\/categories?post=637744"},{"taxonomy":"post_tag","embeddable":true,"href":"https:\/\/www.europesays.com\/fr\/wp-json\/wp\/v2\/tags?post=637744"}],"curies":[{"name":"wp","href":"https:\/\/api.w.org\/{rel}","templated":true}]}}