{"id":637746,"date":"2026-01-03T06:43:45","date_gmt":"2026-01-03T06:43:45","guid":{"rendered":"https:\/\/www.europesays.com\/fr\/637746\/"},"modified":"2026-01-03T06:43:45","modified_gmt":"2026-01-03T06:43:45","slug":"coup-dur-avant-le-fc-nantes","status":"publish","type":"post","link":"https:\/\/www.europesays.com\/fr\/637746\/","title":{"rendered":"Coup dur avant le FC Nantes"},"content":{"rendered":"<p><strong><\/p>\n<p>\u00c0 moins de 48 heures de la rencontre face \u00e0 l\u2019OM en Ligue 1, Ahmed Kantari a fait le point sur l\u2019\u00e9tat de son effectif en conf\u00e9rence de presse.<\/p>\n<p><\/strong><\/p>\n<p><strong>Le FC Nantes devra composer sans Mostafa Mohamed et Chidozie Awaziem<\/strong>, tous deux retenus avec leur s\u00e9lection pour la CAN. Des absences pr\u00e9judiciables pour des Canaris en qu\u00eate de points pr\u00e9cieux dans la course au maintien, mais ils pourront en revanche compter sur d\u2019autres \u00e9l\u00e9ments cl\u00e9s.<\/p>\n<p><strong>Les voyants sont au vert pour Louis Leroux et Herba Guirassy<\/strong>, de retour \u00e0 l\u2019entra\u00eenement cette semaine. \u00ab Tout le monde est sur le pont \u00bb, a assur\u00e9 Ahmed Kantari.<\/p>\n<p>Cabella dans le groupe<\/p>\n<p><a href=\"https:\/\/www.footmarseille.com\/137112-cabella-fait-son-retour-en-ligue-1\" data-type=\"link\" data-id=\"https:\/\/www.footmarseille.com\/137112-cabella-fait-son-retour-en-ligue-1\" target=\"_blank\" rel=\"noopener\">Officialis\u00e9 ce jeudi par le club nantais<\/a>, <strong>R\u00e9my Cabella figure dans le groupe<\/strong> et pourrait ainsi d\u00e9fier son ancien club.<\/p>\n<p>\u00c0 l\u2019inverse, <strong>Ignatius Ganago ne devrait pas \u00eatre de la partie ce week-end<\/strong>. \u00ab Il doit passer une batterie de tests pour qu\u2019on \u00e9value son niveau physique \u00bb, a pr\u00e9cis\u00e9 l\u2019entra\u00eeneur nantais.<\/p>\n","protected":false},"excerpt":{"rendered":"\u00c0 moins de 48 heures de la rencontre face \u00e0 l\u2019OM en Ligue 1, Ahmed Kantari a fait&hellip;\n","protected":false},"author":2,"featured_media":637747,"comment_status":"","ping_status":"","sticky":false,"template":"","format":"standard","meta":{"footnotes":""},"categories":[2818],"tags":[1111,11,1777,674,1011,27,766,12,2636,25],"class_list":{"0":"post-637746","1":"post","2":"type-post","3":"status-publish","4":"format-standard","5":"has-post-thumbnail","7":"category-nantes","8":"tag-actu","9":"tag-actualites","10":"tag-eu","11":"tag-europe","12":"tag-fr","13":"tag-france","14":"tag-nantes","15":"tag-news","16":"tag-pays-de-la-loire","17":"tag-republique-francaise"},"share_on_mastodon":{"url":"https:\/\/pubeurope.com\/@fr\/115829814294855078","error":""},"_links":{"self":[{"href":"https:\/\/www.europesays.com\/fr\/wp-json\/wp\/v2\/posts\/637746","targetHints":{"allow":["GET"]}}],"collection":[{"href":"https:\/\/www.europesays.com\/fr\/wp-json\/wp\/v2\/posts"}],"about":[{"href":"https:\/\/www.europesays.com\/fr\/wp-json\/wp\/v2\/types\/post"}],"author":[{"embeddable":true,"href":"https:\/\/www.europesays.com\/fr\/wp-json\/wp\/v2\/users\/2"}],"replies":[{"embeddable":true,"href":"https:\/\/www.europesays.com\/fr\/wp-json\/wp\/v2\/comments?post=637746"}],"version-history":[{"count":0,"href":"https:\/\/www.europesays.com\/fr\/wp-json\/wp\/v2\/posts\/637746\/revisions"}],"wp:featuredmedia":[{"embeddable":true,"href":"https:\/\/www.europesays.com\/fr\/wp-json\/wp\/v2\/media\/637747"}],"wp:attachment":[{"href":"https:\/\/www.europesays.com\/fr\/wp-json\/wp\/v2\/media?parent=637746"}],"wp:term":[{"taxonomy":"category","embeddable":true,"href":"https:\/\/www.europesays.com\/fr\/wp-json\/wp\/v2\/categories?post=637746"},{"taxonomy":"post_tag","embeddable":true,"href":"https:\/\/www.europesays.com\/fr\/wp-json\/wp\/v2\/tags?post=637746"}],"curies":[{"name":"wp","href":"https:\/\/api.w.org\/{rel}","templated":true}]}}