{"id":637750,"date":"2026-01-03T06:45:09","date_gmt":"2026-01-03T06:45:09","guid":{"rendered":"https:\/\/www.europesays.com\/fr\/637750\/"},"modified":"2026-01-03T06:45:09","modified_gmt":"2026-01-03T06:45:09","slug":"le-jumping-international-de-bordeaux-revient-du-5-au-8-fevrier-prochain","status":"publish","type":"post","link":"https:\/\/www.europesays.com\/fr\/637750\/","title":{"rendered":"Le Jumping International de Bordeaux revient du 5 au 8 f\u00e9vrier prochain"},"content":{"rendered":"<p>Du 5 au 8 f\u00e9vrier prochain, le parc des expositions de Bordeaux accueille un rendez-vous, chaque ann\u00e9e, tr\u00e8s attendu : le Jumping International.  <\/p>\n<p>Durant 4 jours, on peut admirer des \u00e9preuves sportives de haut niveau sur la piste internationale, des animations et conf\u00e9rences au sein du Salon du cheval sans oublier des temps de rencontre et des instants shoppings aux c\u00f4t\u00e9s des exposants. Le jeudi soir ouvre le bal avec une soir\u00e9e plac\u00e9e sous le signe du spectacle. Tous les d\u00e9tails de cette belle \u00e9dition 2026 du Jumping racont\u00e9s par Sabine Zaegel, directrice du Jumping International de Bordeaux.<\/p>\n<p>Tout d&rsquo;abord le sport : Tout d&rsquo;abord le sport :  <\/p>\n<p>Au-del\u00e0 de la comp\u00e9tition, le public peut admirer le jeudi soir le spectacle d\u2019ouverture\u00a0: R\u00eave(s), cr\u00e9ation originale jamais pr\u00e9sent\u00e9e auparavant suivi de la battle de dressage qui promet de l\u2019ambiance\u00a0!<\/p>\n<p>Soir\u00e9e spectacle :Soir\u00e9e spectacle : <\/p>\n<p>Le salon du cheval quant \u00e0 lui s\u2019adresse \u00e0 tous, petits et grands, amis, famille\u2026 C\u2019est une grande f\u00eate qui attend les passionn\u00e9s, les cavaliers, les \u00e9curies comme l\u2019\u00e9voque Sabine Zaegel\u00a0:<\/p>\n<p>Quatre jours de performances d\u2019exception et d\u2019\u00e9motions inoubliables sont au programme. N\u2019attendez plus pour r\u00e9server votre place sur\u00a0<a class=\"LinkThemeablePresentation LinkPrimaryPresentation LinkPrimaryPresentation--sentimentSelected PrimaryLink HighlightSol HighlightSol--core HighlightSol--buildingBlock\" href=\"https:\/\/www.jumping-bordeaux.com\/\" rel=\"noreferrer noopener\" target=\"_blank\">jumping-bordeaux.com<\/a>. Et rendez-vous au parc des expositions de Bordeaux du 5 au 8 f\u00e9vrier prochain !<\/p>\n<p>\u00a0<\/p>\n<p>\u00a0<\/p>\n","protected":false},"excerpt":{"rendered":"Du 5 au 8 f\u00e9vrier prochain, le parc des expositions de Bordeaux accueille un rendez-vous, chaque ann\u00e9e, tr\u00e8s&hellip;\n","protected":false},"author":2,"featured_media":637751,"comment_status":"","ping_status":"","sticky":false,"template":"","format":"standard","meta":{"footnotes":""},"categories":[2817],"tags":[1111,47,11,1997,1777,674,1011,27,1922,12,2219,25],"class_list":{"0":"post-637750","1":"post","2":"type-post","3":"status-publish","4":"format-standard","5":"has-post-thumbnail","7":"category-bordeaux","8":"tag-actu","9":"tag-actualite","10":"tag-actualites","11":"tag-bordeaux","12":"tag-eu","13":"tag-europe","14":"tag-fr","15":"tag-france","16":"tag-info","17":"tag-news","18":"tag-nouvelle-aquitaine","19":"tag-republique-francaise"},"share_on_mastodon":{"url":"https:\/\/pubeurope.com\/@fr\/115829822195884500","error":""},"_links":{"self":[{"href":"https:\/\/www.europesays.com\/fr\/wp-json\/wp\/v2\/posts\/637750","targetHints":{"allow":["GET"]}}],"collection":[{"href":"https:\/\/www.europesays.com\/fr\/wp-json\/wp\/v2\/posts"}],"about":[{"href":"https:\/\/www.europesays.com\/fr\/wp-json\/wp\/v2\/types\/post"}],"author":[{"embeddable":true,"href":"https:\/\/www.europesays.com\/fr\/wp-json\/wp\/v2\/users\/2"}],"replies":[{"embeddable":true,"href":"https:\/\/www.europesays.com\/fr\/wp-json\/wp\/v2\/comments?post=637750"}],"version-history":[{"count":0,"href":"https:\/\/www.europesays.com\/fr\/wp-json\/wp\/v2\/posts\/637750\/revisions"}],"wp:featuredmedia":[{"embeddable":true,"href":"https:\/\/www.europesays.com\/fr\/wp-json\/wp\/v2\/media\/637751"}],"wp:attachment":[{"href":"https:\/\/www.europesays.com\/fr\/wp-json\/wp\/v2\/media?parent=637750"}],"wp:term":[{"taxonomy":"category","embeddable":true,"href":"https:\/\/www.europesays.com\/fr\/wp-json\/wp\/v2\/categories?post=637750"},{"taxonomy":"post_tag","embeddable":true,"href":"https:\/\/www.europesays.com\/fr\/wp-json\/wp\/v2\/tags?post=637750"}],"curies":[{"name":"wp","href":"https:\/\/api.w.org\/{rel}","templated":true}]}}