{"id":637756,"date":"2026-01-03T06:48:09","date_gmt":"2026-01-03T06:48:09","guid":{"rendered":"https:\/\/www.europesays.com\/fr\/637756\/"},"modified":"2026-01-03T06:48:09","modified_gmt":"2026-01-03T06:48:09","slug":"gabriel-est-le-premier-bebe-ne-en-2026-au-chu-de-lille-et-il-nest-pas-arrive-seul","status":"publish","type":"post","link":"https:\/\/www.europesays.com\/fr\/637756\/","title":{"rendered":"Gabriel est le premier b\u00e9b\u00e9 n\u00e9 en 2026 au CHU de Lille&#8230; et il n&rsquo;est pas arriv\u00e9 seul\u00a0!"},"content":{"rendered":"<p>                    Par<br \/>\n        <strong><br \/>\n            <a href=\"https:\/\/actu.fr\/auteur\/margot-nicodeme\" title=\"Consulter tous les articles de Margot Nicod\u00e8me\" target=\"_blank\" rel=\"noopener\">Margot Nicod\u00e8me<\/a><br \/>\n                    <\/strong><\/p>\n<p>        Publi\u00e9 le<\/p>\n<p>            3 janv. 2026 \u00e0 6h08        <\/p>\n<p>C\u2019est l\u2019information dont beaucoup raffolent, chaque d\u00e9but d\u2019ann\u00e9e : <b>comment s\u2019appelle le premier b\u00e9b\u00e9 <\/b>qui a vu le jour \u00e0 la maternit\u00e9 locale, le 1er janvier ? Le <a href=\"https:\/\/actu.fr\/tag\/chu-de-lille\" target=\"_blank\" rel=\"noopener\">CHU de Lille<\/a> (Nord) a mis fin au myst\u00e8re, comme le veut la tradition. Et, surprise : en 2026, le premier b\u00e9b\u00e9 a \u00e9t\u00e9 suivi de tr\u00e8s pr\u00e8s par le second, puisqu\u2019il s\u2019agit <b>de jumeaux <\/b>!<\/p>\n<p>Gabriel, premier b\u00e9b\u00e9 n\u00e9 en 2026 \u00e0 la maternit\u00e9 du CHU de Lille\u2026 suivi de pr\u00e8s par son jumeau<\/p>\n<p class=\" wall-content\">Les \u00e9quipes de la maternit\u00e9 Jeanne-de-Flandre, au sein de l\u2019h\u00f4pital de Lille, ont ainsi eu \u00ab\u00a0une double dose de bonheur\u00a0\u00bb ces derni\u00e8res heures. Le premier b\u00e9b\u00e9 officiel est un petit gar\u00e7on, pr\u00e9nomm\u00e9 Gabriel.\u00a0<\/p>\n<p class=\" wall-content\">Mais <b>Gabriel<\/b> a \u00e9t\u00e9 suivi de tr\u00e8s pr\u00e8s par celui qui sera son complice \u00e0 vie :<b> Adam<\/b>, qui n\u2019est autre que son fr\u00e8re jumeau. Duo indissociable, il convient ainsi de parler des \u00ab\u00a0premiers b\u00e9b\u00e9s de l\u2019ann\u00e9e 2026\u2033\u2026 Les fiers parents ont pris la pose aux c\u00f4t\u00e9s de Gabriel, Adam \u00e9tant \u00ab\u00a0en soins\u00a0\u00bb \u00e0 cet instant l\u00e0.\u00a0<\/p>\n<p>    <a href=\"https:\/\/www.facebook.com\/plugins\/post.php?href=https%3A%2F%2Fwww.facebook.com%2Fchulille%2Fposts%2Fpfbid0pPRJ6wULceCvFy1AAu8LEztNPWkgCarsDjHF6nhwGYd1K9XsJ4uKdw2zajLCmhvnl&amp;show_text=true&amp;width=350\" title=\"Ouvrie le lien\" target=\"_blank\" rel=\"noopener\">Cliquez ici pour visualiser le contenu<\/a><\/p>\n<p class=\" wall-content\">On ne peut que souhaiter beaucoup de joie \u00e0 cette nouvelle petite famille ! En 2025, le premier b\u00e9b\u00e9 n\u00e9 \u00e0 Jeanne-de-Flandre \u00e9tait un petit Rafa\u00ebl.\u00a0<\/p>\n<p class=\" wall-content\">Personnalisez votre actualit\u00e9 en ajoutant vos villes et m\u00e9dias en favori avec <a href=\"https:\/\/moncompte.actu.fr\" title=\"D\u00e9couvez Mon Actu\" rel=\"nofollow noopener\" data-trk=\"{&quot;cta&quot;:{&quot;action&quot;:&quot;https:\\\/\\\/moncompte.actu.fr&quot;,&quot;category&quot;:&quot;mon compte&quot;,&quot;from&quot;:&quot;article footer&quot;,&quot;name&quot;:&quot;Mon actu&quot;,&quot;type&quot;:&quot;cta&quot;}}\" target=\"_blank\">Mon Actu<\/a>.<\/p>\n","protected":false},"excerpt":{"rendered":"Par Margot Nicod\u00e8me Publi\u00e9 le 3 janv. 2026 \u00e0 6h08 C\u2019est l\u2019information dont beaucoup raffolent, chaque d\u00e9but d\u2019ann\u00e9e&hellip;\n","protected":false},"author":2,"featured_media":637757,"comment_status":"","ping_status":"","sticky":false,"template":"","format":"standard","meta":{"footnotes":""},"categories":[2815],"tags":[1111,11,25689,1719,1777,674,1011,27,811,1307,15761,12,25,104],"class_list":{"0":"post-637756","1":"post","2":"type-post","3":"status-publish","4":"format-standard","5":"has-post-thumbnail","7":"category-lille","8":"tag-actu","9":"tag-actualites","10":"tag-chu-de-lille","11":"tag-enfants","12":"tag-eu","13":"tag-europe","14":"tag-fr","15":"tag-france","16":"tag-hauts-de-france","17":"tag-lille","18":"tag-maternite","19":"tag-news","20":"tag-republique-francaise","21":"tag-societe"},"share_on_mastodon":{"url":"https:\/\/pubeurope.com\/@fr\/115829833929779232","error":""},"_links":{"self":[{"href":"https:\/\/www.europesays.com\/fr\/wp-json\/wp\/v2\/posts\/637756","targetHints":{"allow":["GET"]}}],"collection":[{"href":"https:\/\/www.europesays.com\/fr\/wp-json\/wp\/v2\/posts"}],"about":[{"href":"https:\/\/www.europesays.com\/fr\/wp-json\/wp\/v2\/types\/post"}],"author":[{"embeddable":true,"href":"https:\/\/www.europesays.com\/fr\/wp-json\/wp\/v2\/users\/2"}],"replies":[{"embeddable":true,"href":"https:\/\/www.europesays.com\/fr\/wp-json\/wp\/v2\/comments?post=637756"}],"version-history":[{"count":0,"href":"https:\/\/www.europesays.com\/fr\/wp-json\/wp\/v2\/posts\/637756\/revisions"}],"wp:featuredmedia":[{"embeddable":true,"href":"https:\/\/www.europesays.com\/fr\/wp-json\/wp\/v2\/media\/637757"}],"wp:attachment":[{"href":"https:\/\/www.europesays.com\/fr\/wp-json\/wp\/v2\/media?parent=637756"}],"wp:term":[{"taxonomy":"category","embeddable":true,"href":"https:\/\/www.europesays.com\/fr\/wp-json\/wp\/v2\/categories?post=637756"},{"taxonomy":"post_tag","embeddable":true,"href":"https:\/\/www.europesays.com\/fr\/wp-json\/wp\/v2\/tags?post=637756"}],"curies":[{"name":"wp","href":"https:\/\/api.w.org\/{rel}","templated":true}]}}