{"id":637758,"date":"2026-01-03T06:49:15","date_gmt":"2026-01-03T06:49:15","guid":{"rendered":"https:\/\/www.europesays.com\/fr\/637758\/"},"modified":"2026-01-03T06:49:15","modified_gmt":"2026-01-03T06:49:15","slug":"un-retour-et-une-excellente-nouvelle-avant-le-choc-contre-lille-qui-pourrait-tout-changer","status":"publish","type":"post","link":"https:\/\/www.europesays.com\/fr\/637758\/","title":{"rendered":"Un retour et une excellente nouvelle avant le choc contre Lille qui pourrait tout changer"},"content":{"rendered":"<p>\t\t<img width=\"780\" height=\"470\" class=\"attachment-jannah-image-post size-jannah-image-post wp-post-image lazyload\" alt=\"\" decoding=\"async\" fetchpriority=\"high\" src=\"https:\/\/www.europesays.com\/fr\/wp-content\/uploads\/2026\/01\/stade-rennais-un-retour-et-une-780x470.jpg\" data-eio-rwidth=\"780\" data-eio-rheight=\"470\"\/><\/p>\n<p>Le Stade Rennais se pr\u00e9sente en excellente position pour affronter le LOSC samedi \u00e0 21h05. L\u2019entra\u00eeneur Habib Beye dispose d\u2019un effectif quasiment complet, une situation <strong>exceptionnelle en cette p\u00e9riode hivernale<\/strong>. Cette profondeur d\u2019effectif offre au staff technique une <strong>flexibilit\u00e9 remarquable<\/strong> pour pr\u00e9parer cette confrontation d\u00e9cisive. Seules les exigences de la Coupe d\u2019Afrique des Nations privent Rennes de quelques \u00e9l\u00e9ments. Cette stabilit\u00e9 constitue un <strong>atout majeur pour naviguer le calendrier dense<\/strong>.<\/p>\n<p>L\u2019absence de blessures graves repr\u00e9sente une excellente nouvelle pour les Rouge et Noir. Trois joueurs manquent \u00e0 l\u2019appel : Fofana, A\u00eft-Boudlal et Nagida, retenus pour la CAN. Cette situation <strong>r\u00e9sulte d\u2019une gestion exemplaire<\/strong> durant la tr\u00eave hivernale. L\u2019entra\u00eeneur dispose ainsi d\u2019un groupe <strong>presque au complet<\/strong> pour faire face aux d\u00e9fis sportifs imm\u00e9diats. Cette configuration permet de maintenir les automatismes d\u00e9velopp\u00e9s en premi\u00e8re partie de saison.<\/p>\n<p>Przemys?aw Frankowski a fait preuve d\u2019un engagement remarquable en revenant deux jours plus t\u00f4t que le reste du groupe. Cette <strong>anticipation d\u00e9montre un professionnalisme exemplaire<\/strong>. Le milieu polonais affiche <strong>une volont\u00e9 \u00e9vidente d\u2019\u00eatre op\u00e9rationnel imm\u00e9diatement<\/strong>. Son retour anticip\u00e9 illustre l\u2019ambition collective qui anime l\u2019\u00e9quipe. Cette attitude pourrait rapidement \u00eatre r\u00e9compens\u00e9e par une place de titulaire face \u00e0 Lille.<\/p>\n<p>L\u2019exemple donn\u00e9 par Frankowski envoie un <strong>signal fort dans le groupe<\/strong>. Cette d\u00e9marche volontaire t\u00e9moigne de la mobilisation g\u00e9n\u00e9rale des effectifs. La concurrence saine qui s\u2019installe naturellement renforce le niveau collectif de l\u2019\u00e9quipe. Habib Beye b\u00e9n\u00e9ficie d\u2019une <strong>libert\u00e9 tactique rare<\/strong> en cette p\u00e9riode de l\u2019ann\u00e9e. Cette situation favorable permet une pr\u00e9paration sereine et ambitieuse.<\/p>\n<p>Le Stade Rennais peut aborder cette reprise dans une dynamique positive. L\u2019absence de <strong>probl\u00e8me majeur \u00e0 signaler<\/strong> facilite la concentration sur les aspects tactiques et techniques. Cette stabilit\u00e9 de l\u2019effectif constitue un avantage d\u00e9cisif face aux d\u00e9fis \u00e0 venir. L\u2019\u00e9quipe dispose des ressources n\u00e9cessaires pour relever les enjeux de cette p\u00e9riode charni\u00e8re de la saison.<\/p>\n","protected":false},"excerpt":{"rendered":"Le Stade Rennais se pr\u00e9sente en excellente position pour affronter le LOSC samedi \u00e0 21h05. L\u2019entra\u00eeneur Habib Beye&hellip;\n","protected":false},"author":2,"featured_media":637759,"comment_status":"","ping_status":"","sticky":false,"template":"","format":"standard","meta":{"footnotes":""},"categories":[2815],"tags":[1111,11,1777,674,1011,27,811,1307,12,25],"class_list":{"0":"post-637758","1":"post","2":"type-post","3":"status-publish","4":"format-standard","5":"has-post-thumbnail","7":"category-lille","8":"tag-actu","9":"tag-actualites","10":"tag-eu","11":"tag-europe","12":"tag-fr","13":"tag-france","14":"tag-hauts-de-france","15":"tag-lille","16":"tag-news","17":"tag-republique-francaise"},"share_on_mastodon":{"url":"https:\/\/pubeurope.com\/@fr\/115829837919080939","error":""},"_links":{"self":[{"href":"https:\/\/www.europesays.com\/fr\/wp-json\/wp\/v2\/posts\/637758","targetHints":{"allow":["GET"]}}],"collection":[{"href":"https:\/\/www.europesays.com\/fr\/wp-json\/wp\/v2\/posts"}],"about":[{"href":"https:\/\/www.europesays.com\/fr\/wp-json\/wp\/v2\/types\/post"}],"author":[{"embeddable":true,"href":"https:\/\/www.europesays.com\/fr\/wp-json\/wp\/v2\/users\/2"}],"replies":[{"embeddable":true,"href":"https:\/\/www.europesays.com\/fr\/wp-json\/wp\/v2\/comments?post=637758"}],"version-history":[{"count":0,"href":"https:\/\/www.europesays.com\/fr\/wp-json\/wp\/v2\/posts\/637758\/revisions"}],"wp:featuredmedia":[{"embeddable":true,"href":"https:\/\/www.europesays.com\/fr\/wp-json\/wp\/v2\/media\/637759"}],"wp:attachment":[{"href":"https:\/\/www.europesays.com\/fr\/wp-json\/wp\/v2\/media?parent=637758"}],"wp:term":[{"taxonomy":"category","embeddable":true,"href":"https:\/\/www.europesays.com\/fr\/wp-json\/wp\/v2\/categories?post=637758"},{"taxonomy":"post_tag","embeddable":true,"href":"https:\/\/www.europesays.com\/fr\/wp-json\/wp\/v2\/tags?post=637758"}],"curies":[{"name":"wp","href":"https:\/\/api.w.org\/{rel}","templated":true}]}}