{"id":637762,"date":"2026-01-03T06:51:31","date_gmt":"2026-01-03T06:51:31","guid":{"rendered":"https:\/\/www.europesays.com\/fr\/637762\/"},"modified":"2026-01-03T06:51:31","modified_gmt":"2026-01-03T06:51:31","slug":"un-corps-calcine-et-ligote-decouvert-dans-une-voiture-en-feu","status":"publish","type":"post","link":"https:\/\/www.europesays.com\/fr\/637762\/","title":{"rendered":"Un corps calcin\u00e9 et ligot\u00e9 d\u00e9couvert dans une voiture en feu"},"content":{"rendered":"<p>Un corps calcin\u00e9 a \u00e9t\u00e9 d\u00e9couvert dans une voiture incendi\u00e9e,<br \/>\ndans le 14e arrondissement de Marseille, ce jeudi 1er janvier en<br \/>\nfin de soir\u00e9e. Le parquet a annonc\u00e9 l&rsquo;ouverture d&rsquo;une enqu\u00eate des<br \/>\nchefs d&rsquo;assassinat en bande organis\u00e9e, association de malfaiteurs,<br \/>\nd\u00e9gradation de biens par incendie en bande organis\u00e9e et recel de<br \/>\nvol en bande organis\u00e9e.<\/p>\n<p>Ce sont des riverains qui ont donn\u00e9 l&rsquo;alerte vers 23h15 apr\u00e8s<br \/>\navoir aper\u00e7u ce v\u00e9hicule en feu sur l&rsquo;avenue des Arnavaux.<br \/>\nRapidement sur place, les marins-pompiers ont \u00e9teint l&rsquo;incendie<br \/>\navant de d\u00e9couvrir le corps de la victime, qui n&rsquo;a pas encore \u00e9t\u00e9<br \/>\nformellement identifi\u00e9e. Il pourrait s&rsquo;agir d&rsquo;un adolescent de 17<br \/>\nans, port\u00e9 disparu quelques heures plus t\u00f4t, d&rsquo;apr\u00e8s nos<br \/>\ninformations. La victime pr\u00e9sentait au moins une plaie par balle \u00e0<br \/>\nla t\u00eate. Elle \u00e9tait ligot\u00e9e, selon une source proche de<br \/>\nl&rsquo;affaire.<\/p>\n<p>La piste d&rsquo;un assassinat sur fond de trafic de stup\u00e9fiants est<br \/>\nprivil\u00e9gi\u00e9e. Le mode op\u00e9ratoire est en tout cas bien connu des<br \/>\nenqu\u00eateurs, il s&rsquo;agit d&rsquo;un \u00ab\u00a0barbecue\u00a0\u00bb, une pratique utilis\u00e9e par<br \/>\ndes groupes criminels consistant \u00e0 br\u00fbler un v\u00e9hicule avec le corps<br \/>\n\u00e0 l&rsquo;int\u00e9rieur, afin de compliquer l&rsquo;identification de la victime et<br \/>\nd&rsquo;effacer les traces exploitables par les enqu\u00eateurs.<\/p>\n<p>Les investigations ont \u00e9t\u00e9 confi\u00e9es aux policiers de la division<br \/>\nde la criminalit\u00e9 organis\u00e9e et sp\u00e9cialis\u00e9e (DCOS).<\/p>\n<p>Le 25 d\u00e9cembre, un corps a d\u00e9j\u00e0 \u00e9t\u00e9 retrouv\u00e9 dans une voiture<br \/>\nincendi\u00e9e \u00e0 Sept\u00e8mes-les-Vallons, une commune limitrophe de<br \/>\nMarseille. La voiture \u00e9tait signal\u00e9e vol\u00e9e.<\/p>\n<p>19 personnes ont \u00e9t\u00e9 tu\u00e9es dans des assassinats li\u00e9s au trafic<br \/>\nde drogue durant l&rsquo;ann\u00e9e 2025 dans le d\u00e9partement des<br \/>\nBouches-du-Rh\u00f4ne, en grande majorit\u00e9 \u00e0 Marseille, selon un d\u00e9compte<br \/>\nde l&rsquo;AFP.<\/p>\n","protected":false},"excerpt":{"rendered":"Un corps calcin\u00e9 a \u00e9t\u00e9 d\u00e9couvert dans une voiture incendi\u00e9e, dans le 14e arrondissement de Marseille, ce jeudi&hellip;\n","protected":false},"author":2,"featured_media":637763,"comment_status":"","ping_status":"","sticky":false,"template":"","format":"standard","meta":{"footnotes":""},"categories":[2814],"tags":[1111,11,1777,674,1011,27,884,12,882,25],"class_list":{"0":"post-637762","1":"post","2":"type-post","3":"status-publish","4":"format-standard","5":"has-post-thumbnail","7":"category-marseille","8":"tag-actu","9":"tag-actualites","10":"tag-eu","11":"tag-europe","12":"tag-fr","13":"tag-france","14":"tag-marseille","15":"tag-news","16":"tag-provence-alpes-cote-dazur","17":"tag-republique-francaise"},"share_on_mastodon":{"url":"https:\/\/pubeurope.com\/@fr\/115829845700030442","error":""},"_links":{"self":[{"href":"https:\/\/www.europesays.com\/fr\/wp-json\/wp\/v2\/posts\/637762","targetHints":{"allow":["GET"]}}],"collection":[{"href":"https:\/\/www.europesays.com\/fr\/wp-json\/wp\/v2\/posts"}],"about":[{"href":"https:\/\/www.europesays.com\/fr\/wp-json\/wp\/v2\/types\/post"}],"author":[{"embeddable":true,"href":"https:\/\/www.europesays.com\/fr\/wp-json\/wp\/v2\/users\/2"}],"replies":[{"embeddable":true,"href":"https:\/\/www.europesays.com\/fr\/wp-json\/wp\/v2\/comments?post=637762"}],"version-history":[{"count":0,"href":"https:\/\/www.europesays.com\/fr\/wp-json\/wp\/v2\/posts\/637762\/revisions"}],"wp:featuredmedia":[{"embeddable":true,"href":"https:\/\/www.europesays.com\/fr\/wp-json\/wp\/v2\/media\/637763"}],"wp:attachment":[{"href":"https:\/\/www.europesays.com\/fr\/wp-json\/wp\/v2\/media?parent=637762"}],"wp:term":[{"taxonomy":"category","embeddable":true,"href":"https:\/\/www.europesays.com\/fr\/wp-json\/wp\/v2\/categories?post=637762"},{"taxonomy":"post_tag","embeddable":true,"href":"https:\/\/www.europesays.com\/fr\/wp-json\/wp\/v2\/tags?post=637762"}],"curies":[{"name":"wp","href":"https:\/\/api.w.org\/{rel}","templated":true}]}}