{"id":637764,"date":"2026-01-03T06:52:12","date_gmt":"2026-01-03T06:52:12","guid":{"rendered":"https:\/\/www.europesays.com\/fr\/637764\/"},"modified":"2026-01-03T06:52:12","modified_gmt":"2026-01-03T06:52:12","slug":"jean-marc-roffat-honore-pour-ses-40-ans-dactions-humanitaires","status":"publish","type":"post","link":"https:\/\/www.europesays.com\/fr\/637764\/","title":{"rendered":"Jean-Marc Roffat, honor\u00e9 pour ses 40 ans d\u2019actions humanitaires"},"content":{"rendered":"<p>\u00c0 58 ans, Jean-Marc Roffat nous raconte, tr\u00e8s \u00e9mu, les actions qu\u2019il a pu mener tout au long de sa vie.<\/p>\n<p>B\u00e9n\u00e9vole depuis l\u2019\u00e2ge de 18 ans, il vient d\u2019\u00eatre r\u00e9compens\u00e9 par la Palme d\u2019excellence de la Fondation du b\u00e9n\u00e9volat pour ses quarante ann\u00e9es d\u2019engagement.<\/p>\n<p>\u00ab\u00a0J\u2019avance avec la conviction que l\u2019\u00e9nergie du c\u0153ur peut bouger des montagnes. Toutes mes actions, je les ai mont\u00e9es avec trois bouts de ficelle, sans subvention, avec des b\u00e9n\u00e9voles et beaucoup de volont\u00e9. Je donne ce qu\u2019on me donne, et \u00e7a suffit souvent \u00e0 provoquer de grandes choses.\u00a0\u00bb<\/p>\n<p>Une enfance marqu\u00e9e par la pr\u00e9carit\u00e9<\/p>\n<p>Pour comprendre l\u2019acharnement de&#8230;<\/p>\n","protected":false},"excerpt":{"rendered":"\u00c0 58 ans, Jean-Marc Roffat nous raconte, tr\u00e8s \u00e9mu, les actions qu\u2019il a pu mener tout au long&hellip;\n","protected":false},"author":2,"featured_media":637765,"comment_status":"","ping_status":"","sticky":false,"template":"","format":"standard","meta":{"footnotes":""},"categories":[1889],"tags":[1111,11,2430,6211,1687,3153,1777,674,1011,27,1908,2428,12,5486,25,801,104,20283,20284],"class_list":{"0":"post-637764","1":"post","2":"type-post","3":"status-publish","4":"format-standard","5":"has-post-thumbnail","7":"category-lyon","8":"tag-actu","9":"tag-actualites","10":"tag-auvergne-rhone-alpes","11":"tag-conference","12":"tag-culture-loisirs","13":"tag-edition-ouest-lyonnais","14":"tag-eu","15":"tag-europe","16":"tag-fr","17":"tag-france","18":"tag-logement","19":"tag-lyon","20":"tag-news","21":"tag-rencontre","22":"tag-republique-francaise","23":"tag-social","24":"tag-societe","25":"tag-tassin-la-demi-lune","26":"tag-tassin-la-demi-lune-bassin"},"share_on_mastodon":{"url":"https:\/\/pubeurope.com\/@fr\/115829849677831306","error":""},"_links":{"self":[{"href":"https:\/\/www.europesays.com\/fr\/wp-json\/wp\/v2\/posts\/637764","targetHints":{"allow":["GET"]}}],"collection":[{"href":"https:\/\/www.europesays.com\/fr\/wp-json\/wp\/v2\/posts"}],"about":[{"href":"https:\/\/www.europesays.com\/fr\/wp-json\/wp\/v2\/types\/post"}],"author":[{"embeddable":true,"href":"https:\/\/www.europesays.com\/fr\/wp-json\/wp\/v2\/users\/2"}],"replies":[{"embeddable":true,"href":"https:\/\/www.europesays.com\/fr\/wp-json\/wp\/v2\/comments?post=637764"}],"version-history":[{"count":0,"href":"https:\/\/www.europesays.com\/fr\/wp-json\/wp\/v2\/posts\/637764\/revisions"}],"wp:featuredmedia":[{"embeddable":true,"href":"https:\/\/www.europesays.com\/fr\/wp-json\/wp\/v2\/media\/637765"}],"wp:attachment":[{"href":"https:\/\/www.europesays.com\/fr\/wp-json\/wp\/v2\/media?parent=637764"}],"wp:term":[{"taxonomy":"category","embeddable":true,"href":"https:\/\/www.europesays.com\/fr\/wp-json\/wp\/v2\/categories?post=637764"},{"taxonomy":"post_tag","embeddable":true,"href":"https:\/\/www.europesays.com\/fr\/wp-json\/wp\/v2\/tags?post=637764"}],"curies":[{"name":"wp","href":"https:\/\/api.w.org\/{rel}","templated":true}]}}